{"id":14625,"date":"2026-03-12T08:41:10","date_gmt":"2026-03-12T11:41:10","guid":{"rendered":"https:\/\/cidadebaixaonline.com.br\/?p=14625"},"modified":"2026-03-12T08:41:11","modified_gmt":"2026-03-12T11:41:11","slug":"ascensores-de-salvador-ultrapassam-15-milhao-de-viagens-no-primeiro-bimestre-de-2026","status":"publish","type":"post","link":"https:\/\/cidadebaixaonline.com.br\/index.php\/2026\/03\/12\/ascensores-de-salvador-ultrapassam-15-milhao-de-viagens-no-primeiro-bimestre-de-2026\/","title":{"rendered":"Ascensores de Salvador ultrapassam 1,5 milh\u00e3o de viagens no primeiro bimestre de 2026"},"content":{"rendered":"<p>Os ascensores urbanos de Salvador atingiram a marca de 1,5 milh\u00e3o de viagens nos dois primeiros meses de 2026. Os equipamentos, geridos pela Secretaria de Mobilidade (Semob), consolidam-se como uma pe\u00e7a fundamental na log\u00edstica da capital, oferecendo transporte gratuito entre a Cidade Alta e a Cidade Baixa para milhares de moradores e turistas que circulam diariamente pelo Centro Hist\u00f3rico.<\/p>\n<p>O Elevador Lacerda, principal cart\u00e3o-postal da cidade, segue como o l\u00edder absoluto em movimenta\u00e7\u00e3o. O sistema, que liga a Pra\u00e7a Thom\u00e9 de Souza \u00e0 Pra\u00e7a Maria Felipa, registrou uma m\u00e9dia de 600 mil passageiros por m\u00eas entre janeiro e fevereiro.<\/p>\n<p>Esse fluxo intenso reflete tanto o per\u00edodo de alta esta\u00e7\u00e3o tur\u00edstica quanto o uso constante do equipamento por trabalhadores que dependem da conex\u00e3o r\u00e1pida com o bairro do Com\u00e9rcio.<\/p>\n<p>Al\u00e9m do Lacerda, outros importantes modais de transi\u00e7\u00e3o vertical apresentaram n\u00fameros expressivos. O Plano Inclinado Gon\u00e7alves, o Plano Inclinado Liberdade-Cal\u00e7ada e o rec\u00e9m-requalificado Elevador do Tabo\u00e3o completam a rede que facilita o acesso entre regi\u00f5es estrat\u00e9gicas.<\/p>\n","protected":false},"excerpt":{"rendered":"<p>Os ascensores urbanos de Salvador atingiram a marca de 1,5 milh\u00e3o de viagens nos dois primeiros meses de 2026. Os equipamentos, geridos pela Secretaria de Mobilidade (Semob), consolidam-se como uma pe\u00e7a fundamental na log\u00edstica da capital, oferecendo transporte gratuito entre a Cidade Alta e a Cidade Baixa para milhares de moradores e turistas que circulam [&hellip;]<\/p>\n","protected":false},"author":1,"featured_media":14157,"comment_status":"open","ping_status":"closed","sticky":false,"template":"","format":"standard","meta":{"jnews-multi-image_gallery":[],"jnews_single_post":[],"jnews_primary_category":[],"footnotes":""},"categories":[151],"tags":[],"class_list":["post-14625","post","type-post","status-publish","format-standard","has-post-thumbnail","hentry","category-plano-inclinado"],"_links":{"self":[{"href":"https:\/\/cidadebaixaonline.com.br\/index.php\/wp-json\/wp\/v2\/posts\/14625","targetHints":{"allow":["GET"]}}],"collection":[{"href":"https:\/\/cidadebaixaonline.com.br\/index.php\/wp-json\/wp\/v2\/posts"}],"about":[{"href":"https:\/\/cidadebaixaonline.com.br\/index.php\/wp-json\/wp\/v2\/types\/post"}],"author":[{"embeddable":true,"href":"https:\/\/cidadebaixaonline.com.br\/index.php\/wp-json\/wp\/v2\/users\/1"}],"replies":[{"embeddable":true,"href":"https:\/\/cidadebaixaonline.com.br\/index.php\/wp-json\/wp\/v2\/comments?post=14625"}],"version-history":[{"count":1,"href":"https:\/\/cidadebaixaonline.com.br\/index.php\/wp-json\/wp\/v2\/posts\/14625\/revisions"}],"predecessor-version":[{"id":14626,"href":"https:\/\/cidadebaixaonline.com.br\/index.php\/wp-json\/wp\/v2\/posts\/14625\/revisions\/14626"}],"wp:featuredmedia":[{"embeddable":true,"href":"https:\/\/cidadebaixaonline.com.br\/index.php\/wp-json\/wp\/v2\/media\/14157"}],"wp:attachment":[{"href":"https:\/\/cidadebaixaonline.com.br\/index.php\/wp-json\/wp\/v2\/media?parent=14625"}],"wp:term":[{"taxonomy":"category","embeddable":true,"href":"https:\/\/cidadebaixaonline.com.br\/index.php\/wp-json\/wp\/v2\/categories?post=14625"},{"taxonomy":"post_tag","embeddable":true,"href":"https:\/\/cidadebaixaonline.com.br\/index.php\/wp-json\/wp\/v2\/tags?post=14625"}],"curies":[{"name":"wp","href":"https:\/\/api.w.org\/{rel}","templated":true}]}}