{"id":14602,"date":"2026-03-09T12:09:21","date_gmt":"2026-03-09T15:09:21","guid":{"rendered":"https:\/\/cidadebaixaonline.com.br\/?p=14602"},"modified":"2026-03-09T12:09:21","modified_gmt":"2026-03-09T15:09:21","slug":"obras-do-vlt-alteram-transito-e-linhas-de-onibus-na-calcada-a-partir-de-hoje","status":"publish","type":"post","link":"https:\/\/cidadebaixaonline.com.br\/index.php\/2026\/03\/09\/obras-do-vlt-alteram-transito-e-linhas-de-onibus-na-calcada-a-partir-de-hoje\/","title":{"rendered":"Obras do VLT alteram tr\u00e2nsito e linhas de \u00f4nibus na Cal\u00e7ada a partir de hoje"},"content":{"rendered":"<p>Mudan\u00e7as no tr\u00e2nsito e no transporte p\u00fablico na regi\u00e3o da Cal\u00e7ada, em Salvador, j\u00e1 est\u00e3o em vigor nesta segunda-feira (9) por causa do avan\u00e7o das obras do Ve\u00edculo Leve sobre Trilhos (VLT). Um trecho da Avenida Jequitaia, entre o supermercado Atakarejo e a pra\u00e7a do Largo da Cal\u00e7ada, foi interditado para o tr\u00e1fego. A medida come\u00e7ou ainda no domingo (8) e deve permanecer at\u00e9 13 de abril.<\/p>\n<p>Segundo o cronograma, os servi\u00e7os incluem obras de macrodrenagem e implanta\u00e7\u00e3o da via permanente do VLT no trecho entre Cal\u00e7ada e Com\u00e9rcio. A interven\u00e7\u00e3o faz parte de um pacote maior que prev\u00ea mais de 5,3 mil metros de drenagem ao longo do trajeto do modal, sendo cerca de 3,3 mil metros concentrados nessa regi\u00e3o.<\/p>\n<p>Com o bloqueio parcial da Avenida Jequitaia, motoristas que seguem no sentido Nilo Pe\u00e7anha devem fazer desvio pela Rua Elias Nazar\u00e9, ao lado do Mercantil Rodrigues. Pontos de \u00f4nibus tamb\u00e9m foram remanejados, incluindo o do Largo da Cal\u00e7ada, transferido provisoriamente para a Rua Fernandes Vieira. Ao todo, 38 linhas de \u00f4nibus tiveram o itiner\u00e1rio alterado e foram distribu\u00eddas entre as ruas Nilo Pe\u00e7anha, Avenida Engenheiro Oscar Pontes e Rua Fernandes Vieira. Agentes da Semob est\u00e3o na regi\u00e3o para orientar motoristas e passageiros.<\/p>\n<p><strong>Entre as linhas desviadas est\u00e3o:<\/strong><\/p>\n<p><strong>Pela Rua Nilo Pe\u00e7anha (10 linhas):<\/strong><\/p>\n<p>0221 \u2013 Ribeira x Barbalho\/Garcia<\/p>\n<p>0302 \u2013 Boa Vista de S\u00e3o Caetano\/Capelinha x Campo Grande<\/p>\n<p>0313 \u2013 Fazenda Grande do Retiro x Barra<\/p>\n<p>0321 \u2013 Marechal Rondon x Barra<\/p>\n<p>0343 \u2013 Fazenda Grande do Retiro x Ribeira<\/p>\n<p>1055 \u2013 Esta\u00e7\u00e3o Mussurunga x Ribeira\/S\u00e3o Joaquim<\/p>\n<p>1150 \u2013 Terminal Acesso Norte x Terminal Fran\u00e7a (Cidade Nova\/Pau Mi\u00fado)<\/p>\n<p>1303 \u2013 Castelo Branco x Terminal Campo Grande<\/p>\n<p>1339 \u2013 Esta\u00e7\u00e3o Piraj\u00e1 x S\u00e3o Joaquim\/Com\u00e9rcio<\/p>\n<p>1505 \u2013 Piraj\u00e1 (RV) x Barra<\/p>\n<p><strong>Pela Avenida Engenheiro Oscar Pontes (2 linhas):<\/strong><\/p>\n<p>1144 \u2013 Terminal Acesso Norte x S\u00e3o Joaquim\/Com\u00e9rcio<\/p>\n<p>1144-01 \u2013 Linha complementar<\/p>\n<p><strong>Pela Rua Fernandes Vieira (26 linhas):<\/strong><\/p>\n<p>0201 \u2013 Ribeira\/Bonfim x Campo Grande<\/p>\n<p>0203 \u2013 Ribeira x Terminal Pitua\u00e7u<\/p>\n<p>0205 \u2013 Massaranduba x Forte de S\u00e3o Pedro<\/p>\n<p>0208 \u2013 Massaranduba x Lapa<\/p>\n<p>0213 \u2013 Ribeira x Federa\u00e7\u00e3o<\/p>\n<p>0216 \u2013 Ribeira x Lapa<\/p>\n<p>0217 \u2013 Ribeira x Esta\u00e7\u00e3o Hiper BRT<\/p>\n<p>0224 \u2013 Lapa x Thom\u00e9 de Souza<\/p>\n<p>0713 \u2013 Santa Cruz x Cal\u00e7ada\/Bonfim\/Ribeira<\/p>\n<p>0720 \u2013 Vale das Pedrinhas x Vila Rui Barbosa<\/p>\n<p>0728 \u2013 Ribeira x Nordeste<\/p>\n<p>1141 \u2013 Cabula VI x Ribeira R1<\/p>\n<p>1149 \u2013 Terminal Acesso Norte x Uruguai\/S\u00e3o Joaquim<\/p>\n<p>1533 \u2013 Fazenda Coutos x Lapa<\/p>\n<p>1568 \u2013 Vista Alegre\/Fazenda Coutos x Barra<\/p>\n<p>1604 \u2013 Base Naval\/S\u00e3o Thom\u00e9\/Escola de Menor x Lapa<\/p>\n<p>1607 \u2013 Paripe x Barra<\/p>\n<p>1613 \u2013 Paripe x Campo Grande<\/p>\n<p>1615 \u2013 Plataforma x Lapa<\/p>\n<p>1627 \u2013 Alto de Santa Terezinha x Lapa<\/p>\n<p>1628 \u2013 Rio Sena x Lapa<\/p>\n<p>1633 \u2013 Mirantes de Periperi x Ondina<\/p>\n<p>1649 \u2013 Mirantes de Periperi x Esta\u00e7\u00e3o Cidadela BRT<\/p>\n<p>1648 \u2013 Alto do Cabrito\/B.V. Lobato x Lapa<\/p>\n<p>1651 \u2013 Base Naval\/S\u00e3o Thom\u00e9 x Lapa<\/p>\n<p>1672 \u2013 Alto de Coutos x Iguatemi<\/p>\n","protected":false},"excerpt":{"rendered":"<p>Mudan\u00e7as no tr\u00e2nsito e no transporte p\u00fablico na regi\u00e3o da Cal\u00e7ada, em Salvador, j\u00e1 est\u00e3o em vigor nesta segunda-feira (9) por causa do avan\u00e7o das obras do Ve\u00edculo Leve sobre Trilhos (VLT). Um trecho da Avenida Jequitaia, entre o supermercado Atakarejo e a pra\u00e7a do Largo da Cal\u00e7ada, foi interditado para o tr\u00e1fego. A medida [&hellip;]<\/p>\n","protected":false},"author":1,"featured_media":14604,"comment_status":"open","ping_status":"closed","sticky":false,"template":"","format":"standard","meta":{"jnews-multi-image_gallery":[],"jnews_single_post":[],"jnews_primary_category":[],"footnotes":""},"categories":[214],"tags":[],"class_list":["post-14602","post","type-post","status-publish","format-standard","has-post-thumbnail","hentry","category-obras-do-vlt"],"_links":{"self":[{"href":"https:\/\/cidadebaixaonline.com.br\/index.php\/wp-json\/wp\/v2\/posts\/14602","targetHints":{"allow":["GET"]}}],"collection":[{"href":"https:\/\/cidadebaixaonline.com.br\/index.php\/wp-json\/wp\/v2\/posts"}],"about":[{"href":"https:\/\/cidadebaixaonline.com.br\/index.php\/wp-json\/wp\/v2\/types\/post"}],"author":[{"embeddable":true,"href":"https:\/\/cidadebaixaonline.com.br\/index.php\/wp-json\/wp\/v2\/users\/1"}],"replies":[{"embeddable":true,"href":"https:\/\/cidadebaixaonline.com.br\/index.php\/wp-json\/wp\/v2\/comments?post=14602"}],"version-history":[{"count":1,"href":"https:\/\/cidadebaixaonline.com.br\/index.php\/wp-json\/wp\/v2\/posts\/14602\/revisions"}],"predecessor-version":[{"id":14603,"href":"https:\/\/cidadebaixaonline.com.br\/index.php\/wp-json\/wp\/v2\/posts\/14602\/revisions\/14603"}],"wp:featuredmedia":[{"embeddable":true,"href":"https:\/\/cidadebaixaonline.com.br\/index.php\/wp-json\/wp\/v2\/media\/14604"}],"wp:attachment":[{"href":"https:\/\/cidadebaixaonline.com.br\/index.php\/wp-json\/wp\/v2\/media?parent=14602"}],"wp:term":[{"taxonomy":"category","embeddable":true,"href":"https:\/\/cidadebaixaonline.com.br\/index.php\/wp-json\/wp\/v2\/categories?post=14602"},{"taxonomy":"post_tag","embeddable":true,"href":"https:\/\/cidadebaixaonline.com.br\/index.php\/wp-json\/wp\/v2\/tags?post=14602"}],"curies":[{"name":"wp","href":"https:\/\/api.w.org\/{rel}","templated":true}]}}