{"id":14596,"date":"2026-03-09T11:52:05","date_gmt":"2026-03-09T14:52:05","guid":{"rendered":"https:\/\/cidadebaixaonline.com.br\/?p=14596"},"modified":"2026-03-09T11:52:07","modified_gmt":"2026-03-09T14:52:07","slug":"corpo-de-homem-e-encontrado-dentro-de-carrinho-de-compras-em-avenida-de-salvador","status":"publish","type":"post","link":"https:\/\/cidadebaixaonline.com.br\/index.php\/2026\/03\/09\/corpo-de-homem-e-encontrado-dentro-de-carrinho-de-compras-em-avenida-de-salvador\/","title":{"rendered":"Corpo de homem \u00e9 encontrado dentro de carrinho de compras em avenida de Salvador"},"content":{"rendered":"<p>O corpo de um homem foi encontrado dentro de um carro de compras na manh\u00e3 desta segunda-feira (9), na Avenida Jequitaia, uma das principais de Salvador.<\/p>\n<p>Segundo informa\u00e7\u00f5es apuradas pela TV Bahia, os policiais encontraram a v\u00edtima por volta das 6h ap\u00f3s serem acionados por pessoas que passaram pelo local. O corpo estava amarrado no carro de compras.<\/p>\n<p>Ainda n\u00e3o h\u00e1 informa\u00e7\u00f5es sobre a identidade dele e nem sobre a autoria e motiva\u00e7\u00e3o do crime.<\/p>\n<p>O corpo de um homem foi encontrado dentro de um carro de compras na manh\u00e3 desta segunda-feira (9), na Avenida Jequitaia, uma das principais de Salvador.<\/p>\n<p>Segundo informa\u00e7\u00f5es apuradas pela TV Bahia, os policiais encontraram a v\u00edtima por volta das 6h ap\u00f3s serem acionados por pessoas que passaram pelo local. O corpo estava amarrado no carro de compras.<\/p>\n<p>Ainda n\u00e3o h\u00e1 informa\u00e7\u00f5es sobre a identidade dele e nem sobre a autoria e motiva\u00e7\u00e3o do crime.<\/p>\n","protected":false},"excerpt":{"rendered":"<p>O corpo de um homem foi encontrado dentro de um carro de compras na manh\u00e3 desta segunda-feira (9), na Avenida Jequitaia, uma das principais de Salvador. Segundo informa\u00e7\u00f5es apuradas pela TV Bahia, os policiais encontraram a v\u00edtima por volta das 6h ap\u00f3s serem acionados por pessoas que passaram pelo local. O corpo estava amarrado no [&hellip;]<\/p>\n","protected":false},"author":1,"featured_media":14598,"comment_status":"open","ping_status":"closed","sticky":false,"template":"","format":"standard","meta":{"jnews-multi-image_gallery":[],"jnews_single_post":[],"jnews_primary_category":[],"footnotes":""},"categories":[202],"tags":[],"class_list":["post-14596","post","type-post","status-publish","format-standard","has-post-thumbnail","hentry","category-policia-civil"],"_links":{"self":[{"href":"https:\/\/cidadebaixaonline.com.br\/index.php\/wp-json\/wp\/v2\/posts\/14596","targetHints":{"allow":["GET"]}}],"collection":[{"href":"https:\/\/cidadebaixaonline.com.br\/index.php\/wp-json\/wp\/v2\/posts"}],"about":[{"href":"https:\/\/cidadebaixaonline.com.br\/index.php\/wp-json\/wp\/v2\/types\/post"}],"author":[{"embeddable":true,"href":"https:\/\/cidadebaixaonline.com.br\/index.php\/wp-json\/wp\/v2\/users\/1"}],"replies":[{"embeddable":true,"href":"https:\/\/cidadebaixaonline.com.br\/index.php\/wp-json\/wp\/v2\/comments?post=14596"}],"version-history":[{"count":1,"href":"https:\/\/cidadebaixaonline.com.br\/index.php\/wp-json\/wp\/v2\/posts\/14596\/revisions"}],"predecessor-version":[{"id":14597,"href":"https:\/\/cidadebaixaonline.com.br\/index.php\/wp-json\/wp\/v2\/posts\/14596\/revisions\/14597"}],"wp:featuredmedia":[{"embeddable":true,"href":"https:\/\/cidadebaixaonline.com.br\/index.php\/wp-json\/wp\/v2\/media\/14598"}],"wp:attachment":[{"href":"https:\/\/cidadebaixaonline.com.br\/index.php\/wp-json\/wp\/v2\/media?parent=14596"}],"wp:term":[{"taxonomy":"category","embeddable":true,"href":"https:\/\/cidadebaixaonline.com.br\/index.php\/wp-json\/wp\/v2\/categories?post=14596"},{"taxonomy":"post_tag","embeddable":true,"href":"https:\/\/cidadebaixaonline.com.br\/index.php\/wp-json\/wp\/v2\/tags?post=14596"}],"curies":[{"name":"wp","href":"https:\/\/api.w.org\/{rel}","templated":true}]}}