{"id":14584,"date":"2026-03-06T14:19:42","date_gmt":"2026-03-06T17:19:42","guid":{"rendered":"https:\/\/cidadebaixaonline.com.br\/?p=14584"},"modified":"2026-03-06T14:19:43","modified_gmt":"2026-03-06T17:19:43","slug":"festa-de-oloja-acontece-nesta-sexta-feira-e-sabado-na-feira-de-sao-joaquim","status":"publish","type":"post","link":"https:\/\/cidadebaixaonline.com.br\/index.php\/2026\/03\/06\/festa-de-oloja-acontece-nesta-sexta-feira-e-sabado-na-feira-de-sao-joaquim\/","title":{"rendered":"Festa de Oloj\u00e1 acontece nesta sexta-feira e s\u00e1bado na Feira de S\u00e3o Joaquim"},"content":{"rendered":"<div class=\"md:px-15\">\n<div class=\"prose-lg\">\n<p>A Festa de Oloj\u00e1 \u2013 Senhor do Mercado acontece nesta sexta-feira (6) e s\u00e1bado (7), na Feira de S\u00e3o Joaquim, pela primeira vez como parte do calend\u00e1rio oficial de eventos de Salvador, ap\u00f3s a san\u00e7\u00e3o da lei de autoria do vereador Jo\u00e3o Cl\u00e1udio Bacelar (Podemos). A inclus\u00e3o da celebra\u00e7\u00e3o no calend\u00e1rio municipal foi oficializada pela Lei n\u00ba 9.892\/2025, sancionada pela Prefeitura em novembro do ano passado.<\/p>\n<p>Realizada tradicionalmente no primeiro final de semana de mar\u00e7o, a festa re\u00fane feirantes, religiosos e frequentadores da Feira de S\u00e3o Joaquim em uma celebra\u00e7\u00e3o dedicada a Exu, orix\u00e1 associado \u00e0 fartura, ao com\u00e9rcio, \u00e0 comunica\u00e7\u00e3o e \u00e0 abertura de caminhos, elementos profundamente ligados \u00e0 din\u00e2mica hist\u00f3rica do mercado popular.<\/p>\n<p>Autor da proposta que garantiu o reconhecimento institucional do evento, Bacelar comemorou a realiza\u00e7\u00e3o da festa j\u00e1 consolidada no calend\u00e1rio da cidade para valorizar a identidade afro-baiana da capital e fortalecer manifesta\u00e7\u00f5es culturais.\u00a0<strong>\u201cVer a Festa de Oloj\u00e1 acontecendo agora como evento oficial de Salvador \u00e9 motivo de grande alegria e tamb\u00e9m uma afirma\u00e7\u00e3o da liberdade religiosa na nossa cidade. \u00c9 o reconhecimento de uma tradi\u00e7\u00e3o viva que dialoga diretamente com a alma de Salvador. A Feira de S\u00e3o Joaquim carrega a for\u00e7a da cultura popular e da ancestralidade do povo baiano. Oficializar essa celebra\u00e7\u00e3o tamb\u00e9m \u00e9 um gesto importante de respeito e de combate \u00e0 intoler\u00e2ncia religiosa contra as religi\u00f5es de matriz africana\u201d, afirmou.<\/strong><\/p>\n<p>Na edi\u00e7\u00e3o deste ano, al\u00e9m das manifesta\u00e7\u00f5es culturais e religiosas, a programa\u00e7\u00e3o contou com a oferta de diversos servi\u00e7os gratuitos. As a\u00e7\u00f5es foram abertas ao p\u00fablico, com aten\u00e7\u00e3o especial aos trabalhadores da Feira de S\u00e3o Joaquim e \u00e0s pessoas que participaram do Oloj\u00e1. A iniciativa reuniu a Caravana de Direitos Humanos e Sa\u00fade, realizada em parceria com a Secretaria de Justi\u00e7a e Direitos Humanos da Bahia (SJDH), com servi\u00e7os de orienta\u00e7\u00e3o e suporte \u00e0 popula\u00e7\u00e3o.<\/p>\n<p>Tamb\u00e9m foram instalados estandes do programa Sa\u00fade Mais Perto, com servi\u00e7os de sa\u00fade na \u00e1rea da feira, al\u00e9m da realiza\u00e7\u00e3o de rodas de conversa voltadas ao combate ao racismo religioso e \u00e0 valoriza\u00e7\u00e3o da ancestralidade.<\/p>\n<\/div>\n<\/div>\n<div class=\"w-full my-2\">\n<div class=\"fb-comments fb_iframe_widget fb_iframe_widget_fluid_desktop\" data-width=\"100%\" data-numposts=\"10\"><\/div>\n<\/div>\n","protected":false},"excerpt":{"rendered":"<p>A Festa de Oloj\u00e1 \u2013 Senhor do Mercado acontece nesta sexta-feira (6) e s\u00e1bado (7), na Feira de S\u00e3o Joaquim, pela primeira vez como parte do calend\u00e1rio oficial de eventos de Salvador, ap\u00f3s a san\u00e7\u00e3o da lei de autoria do vereador Jo\u00e3o Cl\u00e1udio Bacelar (Podemos). A inclus\u00e3o da celebra\u00e7\u00e3o no calend\u00e1rio municipal foi oficializada pela [&hellip;]<\/p>\n","protected":false},"author":1,"featured_media":14586,"comment_status":"open","ping_status":"closed","sticky":false,"template":"","format":"standard","meta":{"jnews-multi-image_gallery":[],"jnews_single_post":[],"jnews_primary_category":[],"footnotes":""},"categories":[85],"tags":[],"class_list":["post-14584","post","type-post","status-publish","format-standard","has-post-thumbnail","hentry","category-noticias"],"_links":{"self":[{"href":"https:\/\/cidadebaixaonline.com.br\/index.php\/wp-json\/wp\/v2\/posts\/14584","targetHints":{"allow":["GET"]}}],"collection":[{"href":"https:\/\/cidadebaixaonline.com.br\/index.php\/wp-json\/wp\/v2\/posts"}],"about":[{"href":"https:\/\/cidadebaixaonline.com.br\/index.php\/wp-json\/wp\/v2\/types\/post"}],"author":[{"embeddable":true,"href":"https:\/\/cidadebaixaonline.com.br\/index.php\/wp-json\/wp\/v2\/users\/1"}],"replies":[{"embeddable":true,"href":"https:\/\/cidadebaixaonline.com.br\/index.php\/wp-json\/wp\/v2\/comments?post=14584"}],"version-history":[{"count":1,"href":"https:\/\/cidadebaixaonline.com.br\/index.php\/wp-json\/wp\/v2\/posts\/14584\/revisions"}],"predecessor-version":[{"id":14585,"href":"https:\/\/cidadebaixaonline.com.br\/index.php\/wp-json\/wp\/v2\/posts\/14584\/revisions\/14585"}],"wp:featuredmedia":[{"embeddable":true,"href":"https:\/\/cidadebaixaonline.com.br\/index.php\/wp-json\/wp\/v2\/media\/14586"}],"wp:attachment":[{"href":"https:\/\/cidadebaixaonline.com.br\/index.php\/wp-json\/wp\/v2\/media?parent=14584"}],"wp:term":[{"taxonomy":"category","embeddable":true,"href":"https:\/\/cidadebaixaonline.com.br\/index.php\/wp-json\/wp\/v2\/categories?post=14584"},{"taxonomy":"post_tag","embeddable":true,"href":"https:\/\/cidadebaixaonline.com.br\/index.php\/wp-json\/wp\/v2\/tags?post=14584"}],"curies":[{"name":"wp","href":"https:\/\/api.w.org\/{rel}","templated":true}]}}