{"id":14364,"date":"2026-01-27T12:37:53","date_gmt":"2026-01-27T15:37:53","guid":{"rendered":"https:\/\/cidadebaixaonline.com.br\/?p=14364"},"modified":"2026-01-27T12:37:55","modified_gmt":"2026-01-27T15:37:55","slug":"salvador-tem-apenas-uma-praia-propria-para-banho-saiba-qual","status":"publish","type":"post","link":"https:\/\/cidadebaixaonline.com.br\/index.php\/2026\/01\/27\/salvador-tem-apenas-uma-praia-propria-para-banho-saiba-qual\/","title":{"rendered":"Salvador tem apenas uma praia pr\u00f3pria para banho; saiba qual"},"content":{"rendered":"<p>Com a chegada do ver\u00e3o e do fim de semana, ir \u00e0 praia costuma ser uma das principais op\u00e7\u00f5es de lazer em Salvador. No entanto, os moradores da capital baiana enfrentam uma limita\u00e7\u00e3o: apenas uma praia est\u00e1 pr\u00f3pria para banho na cidade, segundo o Boletim de Balneabilidade divulgado pelo Instituto do Meio Ambiente e Recursos H\u00eddricos (Inema) na sexta-feira (23).<\/p>\n<p>Dos 38 pontos monitorados pelo Inema na capital, apenas a praia de Cantagalo, na Cidade Baixa,\u00a0foi considerada apta para o banho, deixando o restante da orla em alerta.<\/p>\n<p data-path-to-node=\"7,0\">Na regi\u00e3o central, pontos tur\u00edsticos como o Porto da Barra, Santa Maria e o Burac\u00e3o est\u00e3o vetados. O alerta se estende ao Farol da Barra, Ondina e Rio Vermelho, onde diversos pontos, incluindo as proximidades do Barravento e do Morro da Paci\u00eancia, apresentaram \u00edndices insatisfat\u00f3rios.<\/p>\n<p data-path-to-node=\"7,1\">No Sub\u00farbio e Cidade Baixa, a lista inclui desde S\u00e3o Tom\u00e9 de Paripe at\u00e9 a Marina Contorno. J\u00e1 no trecho entre Amaralina e Flamengo, o banho \u00e9 desaconselhado em \u00e1reas populares como Piat\u00e3, Patamares e as imedia\u00e7\u00f5es das barracas Doce Vida e Pipa.<\/p>\n<p data-path-to-node=\"7,1\">O Inema reitera que o contato com a \u00e1gua nessas regi\u00f5es, especialmente ap\u00f3s dias chuvosos,\u00a0representa riscos \u00e0 sa\u00fade do banhista.<\/p>\n<h2>Menos de 3% das praias de Salvador s\u00e3o pr\u00f3prias para banho o ano inteiro<\/h2>\n<p data-start=\"255\" data-end=\"514\">Salvador, conhecida mundialmente pelo seu litoral extenso e pela beleza de praias como Porto da Barra, Itapu\u00e3 e Flamengo,\u00a0enfrenta uma realidade preocupante: menos de 3% das praias de Salvador s\u00e3o pr\u00f3prias para banho o ano inteiro.<\/p>\n<p data-start=\"516\" data-end=\"804\">O dado, revelado pelo Plano Municipal de Saneamento B\u00e1sico Integrado (PMSBI), mostra que a polui\u00e7\u00e3o da \u00e1gua virou regra na capital baiana. Rios e c\u00f3rregos urbanos est\u00e3o praticamente todos contaminados, e o esgoto irregular lan\u00e7ado sem tratamento acaba desaguando diretamente no mar.<\/p>\n<p data-start=\"516\" data-end=\"804\">\n","protected":false},"excerpt":{"rendered":"<p>Com a chegada do ver\u00e3o e do fim de semana, ir \u00e0 praia costuma ser uma das principais op\u00e7\u00f5es de lazer em Salvador. No entanto, os moradores da capital baiana enfrentam uma limita\u00e7\u00e3o: apenas uma praia est\u00e1 pr\u00f3pria para banho na cidade, segundo o Boletim de Balneabilidade divulgado pelo Instituto do Meio Ambiente e Recursos [&hellip;]<\/p>\n","protected":false},"author":1,"featured_media":14366,"comment_status":"open","ping_status":"closed","sticky":false,"template":"","format":"standard","meta":{"jnews-multi-image_gallery":[],"jnews_single_post":[],"jnews_primary_category":[],"footnotes":""},"categories":[85],"tags":[],"class_list":["post-14364","post","type-post","status-publish","format-standard","has-post-thumbnail","hentry","category-noticias"],"_links":{"self":[{"href":"https:\/\/cidadebaixaonline.com.br\/index.php\/wp-json\/wp\/v2\/posts\/14364","targetHints":{"allow":["GET"]}}],"collection":[{"href":"https:\/\/cidadebaixaonline.com.br\/index.php\/wp-json\/wp\/v2\/posts"}],"about":[{"href":"https:\/\/cidadebaixaonline.com.br\/index.php\/wp-json\/wp\/v2\/types\/post"}],"author":[{"embeddable":true,"href":"https:\/\/cidadebaixaonline.com.br\/index.php\/wp-json\/wp\/v2\/users\/1"}],"replies":[{"embeddable":true,"href":"https:\/\/cidadebaixaonline.com.br\/index.php\/wp-json\/wp\/v2\/comments?post=14364"}],"version-history":[{"count":1,"href":"https:\/\/cidadebaixaonline.com.br\/index.php\/wp-json\/wp\/v2\/posts\/14364\/revisions"}],"predecessor-version":[{"id":14365,"href":"https:\/\/cidadebaixaonline.com.br\/index.php\/wp-json\/wp\/v2\/posts\/14364\/revisions\/14365"}],"wp:featuredmedia":[{"embeddable":true,"href":"https:\/\/cidadebaixaonline.com.br\/index.php\/wp-json\/wp\/v2\/media\/14366"}],"wp:attachment":[{"href":"https:\/\/cidadebaixaonline.com.br\/index.php\/wp-json\/wp\/v2\/media?parent=14364"}],"wp:term":[{"taxonomy":"category","embeddable":true,"href":"https:\/\/cidadebaixaonline.com.br\/index.php\/wp-json\/wp\/v2\/categories?post=14364"},{"taxonomy":"post_tag","embeddable":true,"href":"https:\/\/cidadebaixaonline.com.br\/index.php\/wp-json\/wp\/v2\/tags?post=14364"}],"curies":[{"name":"wp","href":"https:\/\/api.w.org\/{rel}","templated":true}]}}