{"id":14320,"date":"2026-01-16T12:44:44","date_gmt":"2026-01-16T15:44:44","guid":{"rendered":"https:\/\/cidadebaixaonline.com.br\/?p=14320"},"modified":"2026-01-16T12:44:45","modified_gmt":"2026-01-16T15:44:45","slug":"homem-e-encontrado-morto-na-praia-da-paciencia-policia-civil-investiga","status":"publish","type":"post","link":"https:\/\/cidadebaixaonline.com.br\/index.php\/2026\/01\/16\/homem-e-encontrado-morto-na-praia-da-paciencia-policia-civil-investiga\/","title":{"rendered":"Homem \u00e9 encontrado morto na Praia da Paci\u00eancia; Pol\u00edcia Civil investiga"},"content":{"rendered":"<p>O corpo de um homem n\u00e3o identificado foi encontrado boiando na Praia da Pregui\u00e7a, no Bairro do Com\u00e9rcio, em Salvador, nesta sexta-feira (16). De acordo com a Pol\u00edcia Civil, o caso est\u00e1 sendo investigado pelo Departamento de Homic\u00eddios e Prote\u00e7\u00e3o \u00e0 Pessoa (DHPP).<\/p>\n<p>Ainda segundo a nota, enviada ao\u00a0bahia.ba, a v\u00edtima estava com sinais de afogamento. O corpo foi enviado para o Instituto M\u00e9dico Legal (IML), ainda na manh\u00e3 desta data, onde vai passar por necr\u00f3psia para determinar o que, de fato, aconteceu e quais as causas da morte.<\/p>\n<p>\u201cForam expedidas as guias para per\u00edcia e remo\u00e7\u00e3o, enquanto dilig\u00eancias s\u00e3o realizadas no sentido de identificar a v\u00edtima. A necropsia vai confirmar a causa da morte\u201d, diz a nota.<\/p>\n<p>A regi\u00e3o onde o corpo foi encontrado fica entre o Com\u00e9rcio e a Gamboa e costuma ser bastante frequentado por turistas, al\u00e9m de praticantes de esportes aqu\u00e1ticos. Apesar disso, a praia j\u00e1 tem um hist\u00f3rico de aparecimento de corpos, visto que duas pessoas foram encontradas afogadas no local em 2025.<\/p>\n","protected":false},"excerpt":{"rendered":"<p>O corpo de um homem n\u00e3o identificado foi encontrado boiando na Praia da Pregui\u00e7a, no Bairro do Com\u00e9rcio, em Salvador, nesta sexta-feira (16). De acordo com a Pol\u00edcia Civil, o caso est\u00e1 sendo investigado pelo Departamento de Homic\u00eddios e Prote\u00e7\u00e3o \u00e0 Pessoa (DHPP). Ainda segundo a nota, enviada ao\u00a0bahia.ba, a v\u00edtima estava com sinais de [&hellip;]<\/p>\n","protected":false},"author":1,"featured_media":14322,"comment_status":"open","ping_status":"closed","sticky":false,"template":"","format":"standard","meta":{"jnews-multi-image_gallery":[],"jnews_single_post":[],"jnews_primary_category":[],"footnotes":""},"categories":[85],"tags":[],"class_list":["post-14320","post","type-post","status-publish","format-standard","has-post-thumbnail","hentry","category-noticias"],"_links":{"self":[{"href":"https:\/\/cidadebaixaonline.com.br\/index.php\/wp-json\/wp\/v2\/posts\/14320","targetHints":{"allow":["GET"]}}],"collection":[{"href":"https:\/\/cidadebaixaonline.com.br\/index.php\/wp-json\/wp\/v2\/posts"}],"about":[{"href":"https:\/\/cidadebaixaonline.com.br\/index.php\/wp-json\/wp\/v2\/types\/post"}],"author":[{"embeddable":true,"href":"https:\/\/cidadebaixaonline.com.br\/index.php\/wp-json\/wp\/v2\/users\/1"}],"replies":[{"embeddable":true,"href":"https:\/\/cidadebaixaonline.com.br\/index.php\/wp-json\/wp\/v2\/comments?post=14320"}],"version-history":[{"count":1,"href":"https:\/\/cidadebaixaonline.com.br\/index.php\/wp-json\/wp\/v2\/posts\/14320\/revisions"}],"predecessor-version":[{"id":14321,"href":"https:\/\/cidadebaixaonline.com.br\/index.php\/wp-json\/wp\/v2\/posts\/14320\/revisions\/14321"}],"wp:featuredmedia":[{"embeddable":true,"href":"https:\/\/cidadebaixaonline.com.br\/index.php\/wp-json\/wp\/v2\/media\/14322"}],"wp:attachment":[{"href":"https:\/\/cidadebaixaonline.com.br\/index.php\/wp-json\/wp\/v2\/media?parent=14320"}],"wp:term":[{"taxonomy":"category","embeddable":true,"href":"https:\/\/cidadebaixaonline.com.br\/index.php\/wp-json\/wp\/v2\/categories?post=14320"},{"taxonomy":"post_tag","embeddable":true,"href":"https:\/\/cidadebaixaonline.com.br\/index.php\/wp-json\/wp\/v2\/tags?post=14320"}],"curies":[{"name":"wp","href":"https:\/\/api.w.org\/{rel}","templated":true}]}}