{"id":14167,"date":"2025-12-04T09:25:09","date_gmt":"2025-12-04T12:25:09","guid":{"rendered":"https:\/\/cidadebaixaonline.com.br\/?p=14167"},"modified":"2025-12-04T09:25:09","modified_gmt":"2025-12-04T12:25:09","slug":"bahia-recebe-conferencia-nacional-e-retoma-plano-de-dados-do-ibge","status":"publish","type":"post","link":"https:\/\/cidadebaixaonline.com.br\/index.php\/2025\/12\/04\/bahia-recebe-conferencia-nacional-e-retoma-plano-de-dados-do-ibge\/","title":{"rendered":"Bahia recebe confer\u00eancia nacional e retoma plano de dados do IBGE"},"content":{"rendered":"<p data-start=\"154\" data-end=\"734\">A abertura da Confer\u00eancia Nacional dos Agentes Produtores e Usu\u00e1rios de Dados (CONFEST\/CONFEGE), realizada nesta quarta-feira (3) no SENAI Cimatec, em Salvador, reuniu autoridades, especialistas, pesquisadores e representantes de diversas institui\u00e7\u00f5es para discutir os rumos da produ\u00e7\u00e3o de dados no Brasil.<\/p>\n<p data-start=\"154\" data-end=\"734\">Ao longo dos pr\u00f3ximos dias, o evento contar\u00e1 com forte participa\u00e7\u00e3o da Educa\u00e7\u00e3o: cerca de 1.500 estudantes da rede estadual v\u00e3o integrar oficinas e atividades que aproximam a juventude das tecnologias, metodologias e ferramentas usadas na produ\u00e7\u00e3o oficial de dados no pa\u00eds.<\/p>\n<p data-start=\"1105\" data-end=\"1541\">Durante a cerim\u00f4nia de abertura, o governador Jer\u00f4nimo Rodrigues destacou o papel estrat\u00e9gico dos dados p\u00fablicos. \u201cOs dados produzidos pelo IBGE e por outras institui\u00e7\u00f5es p\u00fablicas s\u00e3o o que nos permitem planejar com precis\u00e3o, identificar desigualdades, antecipar demandas e construir pol\u00edticas mais justas. A Bahia vem investindo fortemente no uso de bases oficiais para organizar iniciativas nas \u00e1reas estrat\u00e9gicas do Estado\u201d, afirmou.<\/p>\n<p data-start=\"1543\" data-end=\"1956\">A secret\u00e1ria da Educa\u00e7\u00e3o, Rowenna Brito, refor\u00e7ou a relev\u00e2ncia da presen\u00e7a da rede estadual no evento. \u201c\u00c9 uma alegria receber essa confer\u00eancia na Bahia e garantir que nossos 1.500 estudantes e professores estejam presentes, aprendendo e construindo conhecimento. A educa\u00e7\u00e3o p\u00fablica \u00e9 central para o nosso estado, e \u00e9 com dados, ci\u00eancia e participa\u00e7\u00e3o que fortalecemos o projeto de vida da nossa juventude\u201d, disse.<\/p>\n<p data-start=\"1958\" data-end=\"2490\">Nos dias 4 e 5 de dezembro, estudantes do Centro Estadual de Educa\u00e7\u00e3o Profissional Forma\u00e7\u00e3o em Tecnologia, Informa\u00e7\u00e3o e Comunica\u00e7\u00e3o (Lauro de Freitas), do CEEP Forma\u00e7\u00e3o e Eventos Isa\u00edas Alves (Salvador) e do Centro Estadual de Educa\u00e7\u00e3o, Inova\u00e7\u00e3o e Forma\u00e7\u00e3o da Bahia \u2013 CEEINFOR M\u00e3e Stella (Salvador), al\u00e9m de professores de geografia e outras disciplinas, participar\u00e3o de oficinas sobre temas como a Grade Estat\u00edstica, o Sistema IBGE de Recupera\u00e7\u00e3o Autom\u00e1tica (SIDRA) e o funcionamento do Sistema Integrado de Pesquisas Domiciliares.<\/p>\n<p data-start=\"2492\" data-end=\"2933\">O presidente do IBGE, M\u00e1rcio Pochmann, ressaltou a import\u00e2ncia de aproximar a juventude da produ\u00e7\u00e3o de dados. \u201cA presen\u00e7a dos estudantes na confer\u00eancia refor\u00e7a a import\u00e2ncia de formar uma nova gera\u00e7\u00e3o capaz de interpretar dados e construir pol\u00edticas p\u00fablicas s\u00f3lidas. O Brasil vive uma realidade cada vez mais conectada e digital, e o IBGE trabalha para produzir informa\u00e7\u00f5es precisas, seguras e soberanas que orientem decis\u00f5es estrat\u00e9gicas\u201d.<\/p>\n","protected":false},"excerpt":{"rendered":"<p>A abertura da Confer\u00eancia Nacional dos Agentes Produtores e Usu\u00e1rios de Dados (CONFEST\/CONFEGE), realizada nesta quarta-feira (3) no SENAI Cimatec, em Salvador, reuniu autoridades, especialistas, pesquisadores e representantes de diversas institui\u00e7\u00f5es para discutir os rumos da produ\u00e7\u00e3o de dados no Brasil. Ao longo dos pr\u00f3ximos dias, o evento contar\u00e1 com forte participa\u00e7\u00e3o da Educa\u00e7\u00e3o: cerca [&hellip;]<\/p>\n","protected":false},"author":1,"featured_media":14169,"comment_status":"open","ping_status":"closed","sticky":false,"template":"","format":"standard","meta":{"jnews-multi-image_gallery":[],"jnews_single_post":[],"jnews_primary_category":[],"footnotes":""},"categories":[85],"tags":[],"class_list":["post-14167","post","type-post","status-publish","format-standard","has-post-thumbnail","hentry","category-noticias"],"_links":{"self":[{"href":"https:\/\/cidadebaixaonline.com.br\/index.php\/wp-json\/wp\/v2\/posts\/14167","targetHints":{"allow":["GET"]}}],"collection":[{"href":"https:\/\/cidadebaixaonline.com.br\/index.php\/wp-json\/wp\/v2\/posts"}],"about":[{"href":"https:\/\/cidadebaixaonline.com.br\/index.php\/wp-json\/wp\/v2\/types\/post"}],"author":[{"embeddable":true,"href":"https:\/\/cidadebaixaonline.com.br\/index.php\/wp-json\/wp\/v2\/users\/1"}],"replies":[{"embeddable":true,"href":"https:\/\/cidadebaixaonline.com.br\/index.php\/wp-json\/wp\/v2\/comments?post=14167"}],"version-history":[{"count":1,"href":"https:\/\/cidadebaixaonline.com.br\/index.php\/wp-json\/wp\/v2\/posts\/14167\/revisions"}],"predecessor-version":[{"id":14168,"href":"https:\/\/cidadebaixaonline.com.br\/index.php\/wp-json\/wp\/v2\/posts\/14167\/revisions\/14168"}],"wp:featuredmedia":[{"embeddable":true,"href":"https:\/\/cidadebaixaonline.com.br\/index.php\/wp-json\/wp\/v2\/media\/14169"}],"wp:attachment":[{"href":"https:\/\/cidadebaixaonline.com.br\/index.php\/wp-json\/wp\/v2\/media?parent=14167"}],"wp:term":[{"taxonomy":"category","embeddable":true,"href":"https:\/\/cidadebaixaonline.com.br\/index.php\/wp-json\/wp\/v2\/categories?post=14167"},{"taxonomy":"post_tag","embeddable":true,"href":"https:\/\/cidadebaixaonline.com.br\/index.php\/wp-json\/wp\/v2\/tags?post=14167"}],"curies":[{"name":"wp","href":"https:\/\/api.w.org\/{rel}","templated":true}]}}