{"id":14164,"date":"2025-12-04T09:23:07","date_gmt":"2025-12-04T12:23:07","guid":{"rendered":"https:\/\/cidadebaixaonline.com.br\/?p=14164"},"modified":"2025-12-04T09:23:08","modified_gmt":"2025-12-04T12:23:08","slug":"baianos-e-turistas-festejam-o-dia-nacional-do-samba-no-pelourinho","status":"publish","type":"post","link":"https:\/\/cidadebaixaonline.com.br\/index.php\/2025\/12\/04\/baianos-e-turistas-festejam-o-dia-nacional-do-samba-no-pelourinho\/","title":{"rendered":"Baianos e turistas festejam o Dia Nacional do Samba no Pelourinho"},"content":{"rendered":"<div>Em clima j\u00e1 de ver\u00e3o, baianos e turistas lotaram o Largo do Pelourinho, em Salvador, na noite de ter\u00e7a-feira (2), para as comemora\u00e7\u00f5es pelo Dia Nacional do Samba. O palco montado em frente \u00e0 Funda\u00e7\u00e3o Casa de Jorge Amado recebeu shows de sambistas baianos, como Nelson Rufino, Edil Pacheco, Walmir Lima, Gal do Beco, Ju Moraes e Juliana Ribeiro, entre outros talentos do g\u00eanero musical. O evento teve o apoio do Governo do Estado, por meio das secretarias de Turismo (Setur-BA) e de Cultura (Secult), com o aquecimento do com\u00e9rcio no Centro Hist\u00f3rico.<\/div>\n<div><\/div>\n<div>\u201cO samba \u00e9 minha vida. Ai de mim sem os versos que Deus envia e entram no cora\u00e7\u00e3o das pessoas. S\u00f3 tenho a agradecer por ter o samba em mim\u201d, disse Rufino.<\/div>\n<div><\/div>\n<div>\u201c\u00c9 muito importante estar aqui no Pelourinho, representando a nova gera\u00e7\u00e3o que ama e reverencia o samba, principalmente, com as mulheres\u201d, destacou Ju Moraes.<\/div>\n<div><\/div>\n<div>Turistas nacionais e estrangeiros ficaram encantados com as apresenta\u00e7\u00f5es dos artistas. \u201cCheguei ontem e tive a sorte de j\u00e1 encontrar um evento como esse. Adoro a cultura da Bahia e toda essa energia. \u00c9 um presente estar aqui\u201d, relatou o espanhol Manuel Fern\u00e1ndez.<\/div>\n<div><\/div>\n<div>\u201cEstou amando conhecer a Bahia e tive a felicidade da coincid\u00eancia de poder participar do Dia Nacional do Samba, com toda essa festan\u00e7a e alegria contagiante\u201d, completou a catarinense J\u00falia Figueiredo.<\/div>\n","protected":false},"excerpt":{"rendered":"<p>Em clima j\u00e1 de ver\u00e3o, baianos e turistas lotaram o Largo do Pelourinho, em Salvador, na noite de ter\u00e7a-feira (2), para as comemora\u00e7\u00f5es pelo Dia Nacional do Samba. O palco montado em frente \u00e0 Funda\u00e7\u00e3o Casa de Jorge Amado recebeu shows de sambistas baianos, como Nelson Rufino, Edil Pacheco, Walmir Lima, Gal do Beco, Ju [&hellip;]<\/p>\n","protected":false},"author":1,"featured_media":14166,"comment_status":"open","ping_status":"closed","sticky":false,"template":"","format":"standard","meta":{"jnews-multi-image_gallery":[],"jnews_single_post":[],"jnews_primary_category":[],"footnotes":""},"categories":[85],"tags":[],"class_list":["post-14164","post","type-post","status-publish","format-standard","has-post-thumbnail","hentry","category-noticias"],"_links":{"self":[{"href":"https:\/\/cidadebaixaonline.com.br\/index.php\/wp-json\/wp\/v2\/posts\/14164","targetHints":{"allow":["GET"]}}],"collection":[{"href":"https:\/\/cidadebaixaonline.com.br\/index.php\/wp-json\/wp\/v2\/posts"}],"about":[{"href":"https:\/\/cidadebaixaonline.com.br\/index.php\/wp-json\/wp\/v2\/types\/post"}],"author":[{"embeddable":true,"href":"https:\/\/cidadebaixaonline.com.br\/index.php\/wp-json\/wp\/v2\/users\/1"}],"replies":[{"embeddable":true,"href":"https:\/\/cidadebaixaonline.com.br\/index.php\/wp-json\/wp\/v2\/comments?post=14164"}],"version-history":[{"count":1,"href":"https:\/\/cidadebaixaonline.com.br\/index.php\/wp-json\/wp\/v2\/posts\/14164\/revisions"}],"predecessor-version":[{"id":14165,"href":"https:\/\/cidadebaixaonline.com.br\/index.php\/wp-json\/wp\/v2\/posts\/14164\/revisions\/14165"}],"wp:featuredmedia":[{"embeddable":true,"href":"https:\/\/cidadebaixaonline.com.br\/index.php\/wp-json\/wp\/v2\/media\/14166"}],"wp:attachment":[{"href":"https:\/\/cidadebaixaonline.com.br\/index.php\/wp-json\/wp\/v2\/media?parent=14164"}],"wp:term":[{"taxonomy":"category","embeddable":true,"href":"https:\/\/cidadebaixaonline.com.br\/index.php\/wp-json\/wp\/v2\/categories?post=14164"},{"taxonomy":"post_tag","embeddable":true,"href":"https:\/\/cidadebaixaonline.com.br\/index.php\/wp-json\/wp\/v2\/tags?post=14164"}],"curies":[{"name":"wp","href":"https:\/\/api.w.org\/{rel}","templated":true}]}}