{"id":14155,"date":"2025-12-02T10:23:47","date_gmt":"2025-12-02T13:23:47","guid":{"rendered":"https:\/\/cidadebaixaonline.com.br\/?p=14155"},"modified":"2025-12-02T10:23:48","modified_gmt":"2025-12-02T13:23:48","slug":"plano-inclinado-goncalves-volta-a-funcionar-apos-obras-de-requalificacao","status":"publish","type":"post","link":"https:\/\/cidadebaixaonline.com.br\/index.php\/2025\/12\/02\/plano-inclinado-goncalves-volta-a-funcionar-apos-obras-de-requalificacao\/","title":{"rendered":"Plano Inclinado Gon\u00e7alves volta a funcionar ap\u00f3s obras de requalifica\u00e7\u00e3o"},"content":{"rendered":"<p>O Plano Inclinado Gon\u00e7alves retomou suas opera\u00e7\u00f5es nesta segunda-feira (1\u00ba), marcando a reabertura de um dos sistemas de transporte mais tradicionais de Salvador. Ap\u00f3s passar por um processo de requalifica\u00e7\u00e3o, o equipamento voltou a conectar a Cidade Alta \u00e0 Cidade Baixa.<\/p>\n<p>A interven\u00e7\u00e3o incluiu substitui\u00e7\u00e3o de pe\u00e7as dos bondes, nova pintura, troca de gradis e ajustes estruturais considerados essenciais pela prefeitura para garantir maior estabilidade ao equipamento.<\/p>\n<p>A moderniza\u00e7\u00e3o integra um planejamento mais amplo de recupera\u00e7\u00e3o dos ascensores da capital, que tamb\u00e9m contempla trabalhos em andamento no Plano Liberdade-Cal\u00e7ada e no Plano Inclinado do Pilar, al\u00e9m das melhorias j\u00e1 entregues no Elevador Lacerda no in\u00edcio do ano.<\/p>\n<p>Com a reabertura, o servi\u00e7o permanece gratuito. O funcionamento seguir\u00e1 de segunda a sexta-feira, das 7h \u00e0s 18h, e aos s\u00e1bados, das 7h \u00e0s 13h.<\/p>\n","protected":false},"excerpt":{"rendered":"<p>O Plano Inclinado Gon\u00e7alves retomou suas opera\u00e7\u00f5es nesta segunda-feira (1\u00ba), marcando a reabertura de um dos sistemas de transporte mais tradicionais de Salvador. Ap\u00f3s passar por um processo de requalifica\u00e7\u00e3o, o equipamento voltou a conectar a Cidade Alta \u00e0 Cidade Baixa. A interven\u00e7\u00e3o incluiu substitui\u00e7\u00e3o de pe\u00e7as dos bondes, nova pintura, troca de gradis e [&hellip;]<\/p>\n","protected":false},"author":1,"featured_media":14157,"comment_status":"open","ping_status":"closed","sticky":false,"template":"","format":"standard","meta":{"jnews-multi-image_gallery":[],"jnews_single_post":[],"jnews_primary_category":[],"footnotes":""},"categories":[151],"tags":[],"class_list":["post-14155","post","type-post","status-publish","format-standard","has-post-thumbnail","hentry","category-plano-inclinado"],"_links":{"self":[{"href":"https:\/\/cidadebaixaonline.com.br\/index.php\/wp-json\/wp\/v2\/posts\/14155","targetHints":{"allow":["GET"]}}],"collection":[{"href":"https:\/\/cidadebaixaonline.com.br\/index.php\/wp-json\/wp\/v2\/posts"}],"about":[{"href":"https:\/\/cidadebaixaonline.com.br\/index.php\/wp-json\/wp\/v2\/types\/post"}],"author":[{"embeddable":true,"href":"https:\/\/cidadebaixaonline.com.br\/index.php\/wp-json\/wp\/v2\/users\/1"}],"replies":[{"embeddable":true,"href":"https:\/\/cidadebaixaonline.com.br\/index.php\/wp-json\/wp\/v2\/comments?post=14155"}],"version-history":[{"count":1,"href":"https:\/\/cidadebaixaonline.com.br\/index.php\/wp-json\/wp\/v2\/posts\/14155\/revisions"}],"predecessor-version":[{"id":14156,"href":"https:\/\/cidadebaixaonline.com.br\/index.php\/wp-json\/wp\/v2\/posts\/14155\/revisions\/14156"}],"wp:featuredmedia":[{"embeddable":true,"href":"https:\/\/cidadebaixaonline.com.br\/index.php\/wp-json\/wp\/v2\/media\/14157"}],"wp:attachment":[{"href":"https:\/\/cidadebaixaonline.com.br\/index.php\/wp-json\/wp\/v2\/media?parent=14155"}],"wp:term":[{"taxonomy":"category","embeddable":true,"href":"https:\/\/cidadebaixaonline.com.br\/index.php\/wp-json\/wp\/v2\/categories?post=14155"},{"taxonomy":"post_tag","embeddable":true,"href":"https:\/\/cidadebaixaonline.com.br\/index.php\/wp-json\/wp\/v2\/tags?post=14155"}],"curies":[{"name":"wp","href":"https:\/\/api.w.org\/{rel}","templated":true}]}}