{"id":14144,"date":"2025-11-27T11:08:19","date_gmt":"2025-11-27T14:08:19","guid":{"rendered":"https:\/\/cidadebaixaonline.com.br\/?p=14144"},"modified":"2025-11-27T11:08:20","modified_gmt":"2025-11-27T14:08:20","slug":"mulher-fica-ferida-apos-desabamento-de-laje-em-salvador","status":"publish","type":"post","link":"https:\/\/cidadebaixaonline.com.br\/index.php\/2025\/11\/27\/mulher-fica-ferida-apos-desabamento-de-laje-em-salvador\/","title":{"rendered":"Mulher fica ferida ap\u00f3s desabamento de laje em Salvador"},"content":{"rendered":"<p>Uma mulher ficou ferida na tarde desta quarta-feira, 26, ap\u00f3s o desabamento de uma laje no bairro da Ribeira, em Salvador. Ela estava sozinha no momento do incidente e acabou parcialmente soterrada.<\/p>\n<p>A v\u00edtima foi retirada dos escombros por equipes do Corpo de Bombeiros Militar da Bahia. Imagens registradas no local mostram o estrago provocado pelo desabamento e o atendimento realizado. No v\u00eddeo, \u00e9 poss\u00edvel ver a perna direita da mulher imobilizada e outros ferimentos pelo corpo.<\/p>\n<p>Depois de estabilizada, ela foi levada para o Hospital Geral do Estado por uma equipe do Servi\u00e7o de Atendimento M\u00f3vel de Urg\u00eancia. N\u00e3o h\u00e1 informa\u00e7\u00f5es atualizadas sobre o estado de sa\u00fade.<\/p>\n<p>Segundo o Corpo de Bombeiros, cinco viaturas participaram da ocorr\u00eancia. As causas do desabamento ainda ser\u00e3o investigadas pelos \u00f3rg\u00e3os respons\u00e1veis.<\/p>\n","protected":false},"excerpt":{"rendered":"<p>Uma mulher ficou ferida na tarde desta quarta-feira, 26, ap\u00f3s o desabamento de uma laje no bairro da Ribeira, em Salvador. Ela estava sozinha no momento do incidente e acabou parcialmente soterrada. A v\u00edtima foi retirada dos escombros por equipes do Corpo de Bombeiros Militar da Bahia. Imagens registradas no local mostram o estrago provocado [&hellip;]<\/p>\n","protected":false},"author":1,"featured_media":14146,"comment_status":"open","ping_status":"closed","sticky":false,"template":"","format":"standard","meta":{"jnews-multi-image_gallery":[],"jnews_single_post":[],"jnews_primary_category":[],"footnotes":""},"categories":[85],"tags":[],"class_list":["post-14144","post","type-post","status-publish","format-standard","has-post-thumbnail","hentry","category-noticias"],"_links":{"self":[{"href":"https:\/\/cidadebaixaonline.com.br\/index.php\/wp-json\/wp\/v2\/posts\/14144","targetHints":{"allow":["GET"]}}],"collection":[{"href":"https:\/\/cidadebaixaonline.com.br\/index.php\/wp-json\/wp\/v2\/posts"}],"about":[{"href":"https:\/\/cidadebaixaonline.com.br\/index.php\/wp-json\/wp\/v2\/types\/post"}],"author":[{"embeddable":true,"href":"https:\/\/cidadebaixaonline.com.br\/index.php\/wp-json\/wp\/v2\/users\/1"}],"replies":[{"embeddable":true,"href":"https:\/\/cidadebaixaonline.com.br\/index.php\/wp-json\/wp\/v2\/comments?post=14144"}],"version-history":[{"count":1,"href":"https:\/\/cidadebaixaonline.com.br\/index.php\/wp-json\/wp\/v2\/posts\/14144\/revisions"}],"predecessor-version":[{"id":14145,"href":"https:\/\/cidadebaixaonline.com.br\/index.php\/wp-json\/wp\/v2\/posts\/14144\/revisions\/14145"}],"wp:featuredmedia":[{"embeddable":true,"href":"https:\/\/cidadebaixaonline.com.br\/index.php\/wp-json\/wp\/v2\/media\/14146"}],"wp:attachment":[{"href":"https:\/\/cidadebaixaonline.com.br\/index.php\/wp-json\/wp\/v2\/media?parent=14144"}],"wp:term":[{"taxonomy":"category","embeddable":true,"href":"https:\/\/cidadebaixaonline.com.br\/index.php\/wp-json\/wp\/v2\/categories?post=14144"},{"taxonomy":"post_tag","embeddable":true,"href":"https:\/\/cidadebaixaonline.com.br\/index.php\/wp-json\/wp\/v2\/tags?post=14144"}],"curies":[{"name":"wp","href":"https:\/\/api.w.org\/{rel}","templated":true}]}}