{"id":14141,"date":"2025-11-25T12:22:28","date_gmt":"2025-11-25T15:22:28","guid":{"rendered":"https:\/\/cidadebaixaonline.com.br\/?p=14141"},"modified":"2025-11-25T12:22:28","modified_gmt":"2025-11-25T15:22:28","slug":"grupo-ad-e-shopping-center-lapa-preparam-black-week-com-descontos-de-ate-70","status":"publish","type":"post","link":"https:\/\/cidadebaixaonline.com.br\/index.php\/2025\/11\/25\/grupo-ad-e-shopping-center-lapa-preparam-black-week-com-descontos-de-ate-70\/","title":{"rendered":"Grupo AD e Shopping Center Lapa preparam Black Week com descontos de at\u00e9 70%"},"content":{"rendered":"<p>O Shopping Center Lapa, administrado pelo Grupo AD, uma das maiores gestoras de centros comerciais do pa\u00eds, iniciou na \u00faltima segunda-feira (24) sua opera\u00e7\u00e3o de Black Week com proje\u00e7\u00e3o de elevado tr\u00e1fego de consumidores ao longo de uma semana de campanha. At\u00e9 30 de novembro, o empreendimento re\u00fane descontos de at\u00e9 70% em diversas categorias, estimulando a antecipa\u00e7\u00e3o das compras de Natal e ampliando a atratividade para itens de moda, beleza, eletr\u00f4nicos, brinquedos, decora\u00e7\u00e3o e produtos sazonais.<\/p>\n<p><span data-olk-copy-source=\"MessageBody\">\u201cA Black Friday \u00e9 um dos per\u00edodos mais relevantes do calend\u00e1rio do varejo e representa uma oportunidade estrat\u00e9gica tanto para os lojistas quanto para os consumidores. A for\u00e7a da campanha corporativa do Grupo AD potencializa o desempenho de vendas em toda a rede, impulsionando um importante fluxo de visitantes e a convers\u00e3o nas lojas\u201d, afirma Beth Andrade, Head de Marketing do Grupo AD.<\/span><\/p>\n<p dir=\"ltr\"><span data-olk-copy-source=\"MessageBody\">A data marca tamb\u00e9m o in\u00edcio oficial da din\u00e2mica natalina do shopping, que j\u00e1 est\u00e1 decorado e com a\u00e7\u00f5es promocionais em andamento. Dessa forma, quem busca ofertas encontra uma experi\u00eancia integrada que combina economia, conveni\u00eancia e lazer, consolidando o per\u00edodo como a principal porta de entrada para o consumo de fim de ano.\u00a0<\/span><\/p>\n<p dir=\"ltr\">No Shopping Center Lapa, parte das ofertas pode ser encontrada em lojas como Zip N\u00e1utica (L3), Mahalo (L3), \u00d3ticas A F\u00e1brica (L1), Chilli Beans (L3), Quiosque Love Me (L1), Detagle (L1), Hizzon (L1), Am\u00e1via (L1), com condi\u00e7\u00f5es ampliadas para diferentes perfis de compra e t\u00edquetes variados. \u201cAl\u00e9m das promo\u00e7\u00f5es imperd\u00edveis, o clima de Natal j\u00e1 toma conta do empreendimento, o que torna a experi\u00eancia de compra ainda mais prazerosa. Nossa expectativa \u00e9 de um aumento expressivo no movimento e de resultados muito positivos para nossos lojistas\u201d, comenta a gerente de Marketing do Shopping Center Lapa, Aline Ferraz.<\/p>\n<p dir=\"ltr\">Cupom dobrado<\/p>\n<p dir=\"ltr\">O Shopping Center Lapa tamb\u00e9m inicia nesta segunda-feira (24) a Promo\u00e7\u00e3o de Natal. A cada R$ 250,00 em compras, os clientes concorrem a uma bicicleta el\u00e9trica por semana. Ao final da campanha, com sorteio via Loteria Federal previsto para o dia 07 de janeiro, todos concorrem a um vale-compras de R$ 10.000,00 para ser utilizado nas lojas do empreendimento.<\/p>\n<p dir=\"ltr\">Durante a semana da Black Week, os cupons ser\u00e3o dobrados. Ou seja, a cada R$250,00 em compras, os clientes ganham dois cupons para concorrer aos pr\u00eamios da Promo\u00e7\u00e3o de Natal. As notas fiscais poder\u00e3o ser cadastradas no balc\u00e3o de trocas, localizado no piso L1. Mais informa\u00e7\u00f5es\u00a0no site.<\/p>\n<p dir=\"ltr\">Funcionamento especial<\/p>\n<p dir=\"ltr\">O Shopping Center Lapa ter\u00e1 funcionamento especial na sexta-feira (28) e no s\u00e1bado (29). Para que os clientes aproveitem melhor as ofertas da Black Week, lojas, quiosques e a Pra\u00e7a de Alimenta\u00e7\u00e3o v\u00e3o abrir das 8h \u00e0s 20h. Riachuelo, Pernambucanas e Americanas v\u00e3o funcionar das 7h \u00e0s 20h. O estacionamento ser\u00e1 gratuito na sexta-feira.<\/p>\n<p><span data-olk-copy-source=\"MessageBody\"><\/p>\n<p><\/span><\/p>\n<p dir=\"ltr\">SERVI\u00c7O<\/p>\n<p dir=\"ltr\">Black Week no Shopping Center Lapa<\/p>\n<p dir=\"ltr\">O qu\u00ea: Descontos de at\u00e9 70% em lojas e quiosques<\/p>\n<p dir=\"ltr\">Quando: De 24 a 30 de novembro<\/p>\n<p><span data-olk-copy-source=\"MessageBody\">\u00a0<\/span><\/p>\n<p dir=\"ltr\">Promo\u00e7\u00e3o de Natal no Shopping Center Lapa<\/p>\n<p dir=\"ltr\">O qu\u00ea: A cada R$ 250,00 em compras, ganha um cupom para concorrer a uma bicicleta el\u00e9trica por semana e, ao final da campanha, um vale-compras de R$ 10.000,00 para ser utilizado nas lojas do Shopping Center Lapa<\/p>\n<p dir=\"ltr\">GANHA CUPOM DOBRADO DURANTE A SEMANA DA BLACK WEEK<\/p>\n<p dir=\"ltr\">Quando: De 24\/11 a 31\/12<\/p>\n<p><span data-olk-copy-source=\"MessageBody\">\u00a0<\/span><\/p>\n<p dir=\"ltr\">Funcionamento do Shopping Center Lapa na Black Friday<\/p>\n<p dir=\"ltr\">Quando: dias 28 e 29 de novembro<\/p>\n<p dir=\"ltr\">Lojas, quiosques e Pra\u00e7a de Alimenta\u00e7\u00e3o: 8h \u00e0s 20h<\/p>\n<p dir=\"ltr\">Riachuelo, Pernambucanas e Americanas: 7h \u00e0s 20h<\/p>\n<p dir=\"ltr\">Estacionamento: Gratuito na sexta-feira<\/p>\n<p dir=\"ltr\">Mais informa\u00e7\u00f5es no\u00a0https:\/\/www.shoppinglapa.com.br\/<\/p>\n","protected":false},"excerpt":{"rendered":"<p>O Shopping Center Lapa, administrado pelo Grupo AD, uma das maiores gestoras de centros comerciais do pa\u00eds, iniciou na \u00faltima segunda-feira (24) sua opera\u00e7\u00e3o de Black Week com proje\u00e7\u00e3o de elevado tr\u00e1fego de consumidores ao longo de uma semana de campanha. At\u00e9 30 de novembro, o empreendimento re\u00fane descontos de at\u00e9 70% em diversas categorias, [&hellip;]<\/p>\n","protected":false},"author":1,"featured_media":14143,"comment_status":"open","ping_status":"closed","sticky":false,"template":"","format":"standard","meta":{"jnews-multi-image_gallery":[],"jnews_single_post":[],"jnews_primary_category":[],"footnotes":""},"categories":[85],"tags":[],"class_list":["post-14141","post","type-post","status-publish","format-standard","has-post-thumbnail","hentry","category-noticias"],"_links":{"self":[{"href":"https:\/\/cidadebaixaonline.com.br\/index.php\/wp-json\/wp\/v2\/posts\/14141","targetHints":{"allow":["GET"]}}],"collection":[{"href":"https:\/\/cidadebaixaonline.com.br\/index.php\/wp-json\/wp\/v2\/posts"}],"about":[{"href":"https:\/\/cidadebaixaonline.com.br\/index.php\/wp-json\/wp\/v2\/types\/post"}],"author":[{"embeddable":true,"href":"https:\/\/cidadebaixaonline.com.br\/index.php\/wp-json\/wp\/v2\/users\/1"}],"replies":[{"embeddable":true,"href":"https:\/\/cidadebaixaonline.com.br\/index.php\/wp-json\/wp\/v2\/comments?post=14141"}],"version-history":[{"count":1,"href":"https:\/\/cidadebaixaonline.com.br\/index.php\/wp-json\/wp\/v2\/posts\/14141\/revisions"}],"predecessor-version":[{"id":14142,"href":"https:\/\/cidadebaixaonline.com.br\/index.php\/wp-json\/wp\/v2\/posts\/14141\/revisions\/14142"}],"wp:featuredmedia":[{"embeddable":true,"href":"https:\/\/cidadebaixaonline.com.br\/index.php\/wp-json\/wp\/v2\/media\/14143"}],"wp:attachment":[{"href":"https:\/\/cidadebaixaonline.com.br\/index.php\/wp-json\/wp\/v2\/media?parent=14141"}],"wp:term":[{"taxonomy":"category","embeddable":true,"href":"https:\/\/cidadebaixaonline.com.br\/index.php\/wp-json\/wp\/v2\/categories?post=14141"},{"taxonomy":"post_tag","embeddable":true,"href":"https:\/\/cidadebaixaonline.com.br\/index.php\/wp-json\/wp\/v2\/tags?post=14141"}],"curies":[{"name":"wp","href":"https:\/\/api.w.org\/{rel}","templated":true}]}}