{"id":14135,"date":"2025-11-24T11:24:39","date_gmt":"2025-11-24T14:24:39","guid":{"rendered":"https:\/\/cidadebaixaonline.com.br\/?p=14135"},"modified":"2025-11-24T11:24:39","modified_gmt":"2025-11-24T14:24:39","slug":"ana-paula-destaca-alcance-e-potencia-do-salvador-capital-afro","status":"publish","type":"post","link":"https:\/\/cidadebaixaonline.com.br\/index.php\/2025\/11\/24\/ana-paula-destaca-alcance-e-potencia-do-salvador-capital-afro\/","title":{"rendered":"Ana Paula destaca alcance e pot\u00eancia do Salvador Capital Afro"},"content":{"rendered":"<p>A vice-prefeita e secret\u00e1ria de Cultura e Turismo de Salvador, Ana Paula Matos, destacou neste s\u00e1bado (23) a for\u00e7a territorial e formativa do Salvador Capital Afro 2025, durante os pain\u00e9is realizados na Casa das Hist\u00f3rias, no Com\u00e9rcio.<\/p>\n<p>O encontro reuniu debates sobre artes, mem\u00f3ria, comunica\u00e7\u00e3o e produ\u00e7\u00e3o cultural negra, refor\u00e7ando o festival como espa\u00e7o de circula\u00e7\u00e3o de saberes e fortalecimento das comunidades criativas.<\/p>\n<p>A programa\u00e7\u00e3o do dia envolveu artes visuais, gastronomia afro-diasp\u00f3rica, comunica\u00e7\u00e3o perif\u00e9rica e inova\u00e7\u00e3o, reunindo artistas, coletivos e pesquisadores em diferentes pontos do Com\u00e9rcio e do Curuzu.<\/p>\n<p>\u201cDemos in\u00edcio a uma etapa muito especial do Salvador Capital Afro, em que debates, pain\u00e9is e trocas de experi\u00eancias conectam hist\u00f3rias contadas pela m\u00fasica, dan\u00e7a, arte, comunica\u00e7\u00e3o e culin\u00e1ria afro-diasp\u00f3rica. Este \u00e9 mais que um festival, \u00e9 um movimento de cidade. Desde o in\u00edcio do m\u00eas, estamos nos territ\u00f3rios levando conhecimento, forma\u00e7\u00e3o e cria\u00e7\u00e3o para diversas comunidades. Para al\u00e9m da celebra\u00e7\u00e3o, reafirmamos nosso compromisso com a gera\u00e7\u00e3o de emprego, renda e qualifica\u00e7\u00e3o profissional\u201d, afirmou Ana Paula.<\/p>\n<p>Ela tamb\u00e9m refor\u00e7ou o impacto do evento em toda a capital. \u201cO Salvador Capital Afro pulsa na cidade com a\u00e7\u00f5es criativas, viv\u00eancias culturais e processos formativos nas comunidades\u201d, completou.<\/p>\n<p>Com 40 dias de atividades, o Salvador Capital Afro se firma como uma das principais plataformas de valoriza\u00e7\u00e3o da cultura negra no Brasil, reunindo debates, apresenta\u00e7\u00f5es, rodas de conversa, empreendedorismo e afroturismo.<\/p>\n","protected":false},"excerpt":{"rendered":"<p>A vice-prefeita e secret\u00e1ria de Cultura e Turismo de Salvador, Ana Paula Matos, destacou neste s\u00e1bado (23) a for\u00e7a territorial e formativa do Salvador Capital Afro 2025, durante os pain\u00e9is realizados na Casa das Hist\u00f3rias, no Com\u00e9rcio. O encontro reuniu debates sobre artes, mem\u00f3ria, comunica\u00e7\u00e3o e produ\u00e7\u00e3o cultural negra, refor\u00e7ando o festival como espa\u00e7o de [&hellip;]<\/p>\n","protected":false},"author":1,"featured_media":14137,"comment_status":"open","ping_status":"closed","sticky":false,"template":"","format":"standard","meta":{"jnews-multi-image_gallery":[],"jnews_single_post":[],"jnews_primary_category":[],"footnotes":""},"categories":[281],"tags":[],"class_list":["post-14135","post","type-post","status-publish","format-standard","has-post-thumbnail","hentry","category-salvador-capital-afro"],"_links":{"self":[{"href":"https:\/\/cidadebaixaonline.com.br\/index.php\/wp-json\/wp\/v2\/posts\/14135","targetHints":{"allow":["GET"]}}],"collection":[{"href":"https:\/\/cidadebaixaonline.com.br\/index.php\/wp-json\/wp\/v2\/posts"}],"about":[{"href":"https:\/\/cidadebaixaonline.com.br\/index.php\/wp-json\/wp\/v2\/types\/post"}],"author":[{"embeddable":true,"href":"https:\/\/cidadebaixaonline.com.br\/index.php\/wp-json\/wp\/v2\/users\/1"}],"replies":[{"embeddable":true,"href":"https:\/\/cidadebaixaonline.com.br\/index.php\/wp-json\/wp\/v2\/comments?post=14135"}],"version-history":[{"count":1,"href":"https:\/\/cidadebaixaonline.com.br\/index.php\/wp-json\/wp\/v2\/posts\/14135\/revisions"}],"predecessor-version":[{"id":14136,"href":"https:\/\/cidadebaixaonline.com.br\/index.php\/wp-json\/wp\/v2\/posts\/14135\/revisions\/14136"}],"wp:featuredmedia":[{"embeddable":true,"href":"https:\/\/cidadebaixaonline.com.br\/index.php\/wp-json\/wp\/v2\/media\/14137"}],"wp:attachment":[{"href":"https:\/\/cidadebaixaonline.com.br\/index.php\/wp-json\/wp\/v2\/media?parent=14135"}],"wp:term":[{"taxonomy":"category","embeddable":true,"href":"https:\/\/cidadebaixaonline.com.br\/index.php\/wp-json\/wp\/v2\/categories?post=14135"},{"taxonomy":"post_tag","embeddable":true,"href":"https:\/\/cidadebaixaonline.com.br\/index.php\/wp-json\/wp\/v2\/tags?post=14135"}],"curies":[{"name":"wp","href":"https:\/\/api.w.org\/{rel}","templated":true}]}}