{"id":14126,"date":"2025-11-21T11:35:25","date_gmt":"2025-11-21T14:35:25","guid":{"rendered":"https:\/\/cidadebaixaonline.com.br\/?p=14126"},"modified":"2025-11-21T11:35:25","modified_gmt":"2025-11-21T14:35:25","slug":"festival-salvador-capital-afro-lanca-programacao-no-comercio-curuzu-e-ilha-de-mare","status":"publish","type":"post","link":"https:\/\/cidadebaixaonline.com.br\/index.php\/2025\/11\/21\/festival-salvador-capital-afro-lanca-programacao-no-comercio-curuzu-e-ilha-de-mare\/","title":{"rendered":"Festival Salvador Capital Afro lan\u00e7a programa\u00e7\u00e3o no Com\u00e9rcio, Curuzu e Ilha de Mar\u00e9"},"content":{"rendered":"<p data-start=\"323\" data-end=\"724\">O Festival Salvador Capital Afro 2025 chega \u00e0 quarta edi\u00e7\u00e3o e realiza uma das etapas mais intensas nestes dias 21 e 22 de novembro, com atividades no Com\u00e9rcio e no Curuzu. Ser\u00e3o dois dias dedicados a debates, m\u00fasica urbana, gastronomia afro-diasp\u00f3rica, comunica\u00e7\u00e3o perif\u00e9rica e inova\u00e7\u00e3o, consolidando o centro da cidade como um territ\u00f3rio de circula\u00e7\u00e3o de saberes, experi\u00eancias e produ\u00e7\u00e3o cultural negra.<\/p>\n<p data-start=\"726\" data-end=\"998\">As a\u00e7\u00f5es fazem parte do eixo tem\u00e1tico desta edi\u00e7\u00e3o, \u201cTerrit\u00f3rios em Rede, Ra\u00edzes em Movimento\u201d, que conecta bairros, profissionais, coletivos e diferentes linguagens art\u00edsticas. Depois das atividades no Com\u00e9rcio, o Festival segue para a Ilha de Mar\u00e9 no dia 27 de novembro.<\/p>\n<p data-start=\"1000\" data-end=\"1521\">A programa\u00e7\u00e3o do dia 21 come\u00e7a \u00e0s 10h, com o painel\u00a0<strong data-start=\"1052\" data-end=\"1099\">A Heran\u00e7a Afro-Brasileira nas Artes Visuais<\/strong>, que re\u00fane Renan Benedito, Mayara Ferr\u00e3o e Ayrson Her\u00e1clito, sob media\u00e7\u00e3o de C\u00edntia Guedes.<\/p>\n<p data-start=\"1000\" data-end=\"1521\">O encontro discute mem\u00f3ria, resist\u00eancia e visualidades na arte afro-contempor\u00e2nea. \u00c0 tarde, o painel\u00a0<strong data-start=\"1293\" data-end=\"1344\">Corpos que dan\u00e7am ra\u00edzes, coreografando futuros<\/strong>\u00a0re\u00fane Tonho Mat\u00e9ria, Gisele Soares, Puma Camill\u00ea e Monica Anjos, com media\u00e7\u00e3o de Monica Santana, abordando dan\u00e7a, corpo pol\u00edtico, moda afro e express\u00f5es das artes do movimento.<\/p>\n<p data-start=\"1523\" data-end=\"1964\">Ainda no dia 21, a Cidade da M\u00fasica da Bahia recebe a\u00a0<strong data-start=\"1577\" data-end=\"1600\">Batalha de Rap\/Trap<\/strong>, com uma viv\u00eancia voltada para g\u00eaneros urbanos que movimentam a cena musical local. Simultaneamente, a Casa das Hist\u00f3rias promove a roda\u00a0<strong data-start=\"1738\" data-end=\"1796\">Do Tambor ao Streaming: m\u00fasica negra que ecoa no mundo<\/strong>, mediada por Beatriz Nascimento e com participa\u00e7\u00e3o de A Dama, Nadjane e Zamba, abordando ancestralidade, inova\u00e7\u00e3o e circula\u00e7\u00e3o internacional da m\u00fasica afro-brasileira.<\/p>\n<p data-start=\"1966\" data-end=\"2273\">No dia 22, as atividades come\u00e7am \u00e0s 10h com o painel\u00a0<strong data-start=\"2019\" data-end=\"2035\">Vozes Negras<\/strong>, no Audit\u00f3rio Makota Valdina, com curadoria da Lista Preta. Participam Nati Junqueira, Math Power e Anderson Simpl\u00edcio, com media\u00e7\u00e3o de Alexandre Santana, discutindo a comunica\u00e7\u00e3o digital como ferramenta de fortalecimento das periferias.<\/p>\n<p data-start=\"2275\" data-end=\"2854\">Das 11h \u00e0s 12h30, a Casa das Hist\u00f3rias sedia o painel\u00a0<strong data-start=\"2329\" data-end=\"2380\">Sabores da Di\u00e1spora: cozinhar \u00e9 tamb\u00e9m resistir<\/strong>, com Ruth Martins, Ramatoulaye Konat\u00e9, Jorge Washington e Mariana de Jesus, que discutem a gastronomia afro-baiana como mem\u00f3ria, criatividade e patrim\u00f4nio. \u00c0 tarde, das 14h \u00e0s 17h30, o Audit\u00f3rio Makota Valdina recebe o\u00a0<strong data-start=\"2600\" data-end=\"2620\">Inventivos Talks<\/strong>, com conversas sobre inova\u00e7\u00e3o, empreendedorismo negro e criatividade. \u00c0 noite, a programa\u00e7\u00e3o segue para o Curuzu, onde o Il\u00ea Aiy\u00ea realiza o\u00a0<strong data-start=\"2761\" data-end=\"2782\">Novembro Azeviche<\/strong>, \u00e0s 21h, na Senzala do Barro Preto, com show da Band\u2019Aiy\u00ea e convidados.<\/p>\n<p data-start=\"2856\" data-end=\"3180\">A vice-prefeita e titular da Secretaria Municipal de Cultura e Turismo (Secult), Ana Paula Matos, afirmou que a programa\u00e7\u00e3o reflete o conceito da edi\u00e7\u00e3o e amplia a presen\u00e7a do festival na cidade. Segundo ela, as a\u00e7\u00f5es distribu\u00eddas nos bairros refor\u00e7am processos formativos e atividades culturais relacionadas \u00e0s comunidades.<\/p>\n<p data-start=\"3187\" data-end=\"3202\"><strong data-start=\"3187\" data-end=\"3202\">PROGRAMA\u00c7\u00c3O<\/strong><\/p>\n<p data-start=\"3204\" data-end=\"3213\"><strong data-start=\"3204\" data-end=\"3213\">21\/11<\/strong><\/p>\n<ul data-start=\"3215\" data-end=\"3517\">\n<li data-start=\"3215\" data-end=\"3304\">\n<p data-start=\"3217\" data-end=\"3304\">10h \u00e0s 11h30 \u2014 A Heran\u00e7a Afro-Brasileira nas Artes Visuais (Audit\u00f3rio Makota Valdina)<\/p>\n<\/li>\n<li data-start=\"3305\" data-end=\"3398\">\n<p data-start=\"3307\" data-end=\"3398\">14h \u00e0s 15h30 \u2014 Corpos que dan\u00e7am ra\u00edzes, coreografando futuros (Audit\u00f3rio Makota Valdina)<\/p>\n<\/li>\n<li data-start=\"3399\" data-end=\"3456\">\n<p data-start=\"3401\" data-end=\"3456\">14h \u2014 Batalha de Rap\/Trap (Cidade da M\u00fasica da Bahia)<\/p>\n<\/li>\n<li data-start=\"3457\" data-end=\"3517\">\n<p data-start=\"3459\" data-end=\"3517\">15h \u00e0s 16h30 \u2014 Do Tambor ao Streaming (Casa das Hist\u00f3rias)<\/p>\n<\/li>\n<\/ul>\n<p data-start=\"3519\" data-end=\"3528\"><strong data-start=\"3519\" data-end=\"3528\">22\/11<\/strong><\/p>\n<ul data-start=\"3530\" data-end=\"3796\">\n<li data-start=\"3530\" data-end=\"3586\">\n<p data-start=\"3532\" data-end=\"3586\">10h \u00e0s 11h \u2014 Vozes Negras (Audit\u00f3rio Makota Valdina)<\/p>\n<\/li>\n<li data-start=\"3587\" data-end=\"3652\">\n<p data-start=\"3589\" data-end=\"3652\">11h \u00e0s 12h30 \u2014 Sabores da Di\u00e1spora (Audit\u00f3rio Makota Valdina)<\/p>\n<\/li>\n<li data-start=\"3653\" data-end=\"3715\">\n<p data-start=\"3655\" data-end=\"3715\">14h \u00e0s 17h30 \u2014 Inventivos Talks (Audit\u00f3rio Makota Valdina)<\/p>\n<\/li>\n<li data-start=\"3716\" data-end=\"3796\">\n<p data-start=\"3718\" data-end=\"3796\">21h \u2014 Novembro Azeviche com Band\u2019Aiy\u00ea e convidados (Sede do Il\u00ea Aiy\u00ea \u2013 Curuzu)<\/p>\n<\/li>\n<\/ul>\n<div>\n<div class=\"trv-player-container\">\n<div class=\"trv-wrapper\">\n<div id=\"br_video_player_683e23dcea03bc252d0fa69acf76719dc3c659f9\" class=\"trvd_video_player trvdinstream\"><\/div>\n<\/div>\n<\/div>\n<\/div>\n<p data-start=\"3798\" data-end=\"3807\"><strong data-start=\"3798\" data-end=\"3807\">27\/11<\/strong><\/p>\n<ul data-start=\"3809\" data-end=\"3837\">\n<li data-start=\"3809\" data-end=\"3837\">\n<p data-start=\"3811\" data-end=\"3837\">Atividades na Ilha de Mar\u00e9<\/p>\n<\/li>\n<\/ul>\n","protected":false},"excerpt":{"rendered":"<p>O Festival Salvador Capital Afro 2025 chega \u00e0 quarta edi\u00e7\u00e3o e realiza uma das etapas mais intensas nestes dias 21 e 22 de novembro, com atividades no Com\u00e9rcio e no Curuzu. Ser\u00e3o dois dias dedicados a debates, m\u00fasica urbana, gastronomia afro-diasp\u00f3rica, comunica\u00e7\u00e3o perif\u00e9rica e inova\u00e7\u00e3o, consolidando o centro da cidade como um territ\u00f3rio de circula\u00e7\u00e3o [&hellip;]<\/p>\n","protected":false},"author":1,"featured_media":14128,"comment_status":"open","ping_status":"closed","sticky":false,"template":"","format":"standard","meta":{"jnews-multi-image_gallery":[],"jnews_single_post":[],"jnews_primary_category":[],"footnotes":""},"categories":[279],"tags":[],"class_list":["post-14126","post","type-post","status-publish","format-standard","has-post-thumbnail","hentry","category-festival-salvador-capital-afro"],"_links":{"self":[{"href":"https:\/\/cidadebaixaonline.com.br\/index.php\/wp-json\/wp\/v2\/posts\/14126","targetHints":{"allow":["GET"]}}],"collection":[{"href":"https:\/\/cidadebaixaonline.com.br\/index.php\/wp-json\/wp\/v2\/posts"}],"about":[{"href":"https:\/\/cidadebaixaonline.com.br\/index.php\/wp-json\/wp\/v2\/types\/post"}],"author":[{"embeddable":true,"href":"https:\/\/cidadebaixaonline.com.br\/index.php\/wp-json\/wp\/v2\/users\/1"}],"replies":[{"embeddable":true,"href":"https:\/\/cidadebaixaonline.com.br\/index.php\/wp-json\/wp\/v2\/comments?post=14126"}],"version-history":[{"count":1,"href":"https:\/\/cidadebaixaonline.com.br\/index.php\/wp-json\/wp\/v2\/posts\/14126\/revisions"}],"predecessor-version":[{"id":14127,"href":"https:\/\/cidadebaixaonline.com.br\/index.php\/wp-json\/wp\/v2\/posts\/14126\/revisions\/14127"}],"wp:featuredmedia":[{"embeddable":true,"href":"https:\/\/cidadebaixaonline.com.br\/index.php\/wp-json\/wp\/v2\/media\/14128"}],"wp:attachment":[{"href":"https:\/\/cidadebaixaonline.com.br\/index.php\/wp-json\/wp\/v2\/media?parent=14126"}],"wp:term":[{"taxonomy":"category","embeddable":true,"href":"https:\/\/cidadebaixaonline.com.br\/index.php\/wp-json\/wp\/v2\/categories?post=14126"},{"taxonomy":"post_tag","embeddable":true,"href":"https:\/\/cidadebaixaonline.com.br\/index.php\/wp-json\/wp\/v2\/tags?post=14126"}],"curies":[{"name":"wp","href":"https:\/\/api.w.org\/{rel}","templated":true}]}}