{"id":14114,"date":"2025-11-19T17:35:12","date_gmt":"2025-11-19T20:35:12","guid":{"rendered":"https:\/\/cidadebaixaonline.com.br\/?p=14114"},"modified":"2025-11-19T17:35:13","modified_gmt":"2025-11-19T20:35:13","slug":"iluminacao-do-elevador-lacerda-recebe-mencao-honrosa-em-premiacao-internacional","status":"publish","type":"post","link":"https:\/\/cidadebaixaonline.com.br\/index.php\/2025\/11\/19\/iluminacao-do-elevador-lacerda-recebe-mencao-honrosa-em-premiacao-internacional\/","title":{"rendered":"Ilumina\u00e7\u00e3o do Elevador Lacerda recebe men\u00e7\u00e3o honrosa em premia\u00e7\u00e3o internacional"},"content":{"rendered":"<div class=\"materia-conteudo\">\n<p><span style=\"font-size: 16px;\">Um dos \u00edcones mais importantes do conjunto hist\u00f3rico, arquitet\u00f4nico e cultural de Salvador, o Elevador Lacerda, foi celebrado no LIT Lighting Design Awards deste ano, com uma Men\u00e7\u00e3o Honrosa na categoria Projeto de Arquitetura de Ilumina\u00e7\u00e3o para Edifica\u00e7\u00e3o P\u00fablica.<\/span><\/p>\n<\/div>\n<div class=\"materia\">\n<div class=\"conteudo_post\">\n<p>O projeto premiado se insere na restaura\u00e7\u00e3o e requalifica\u00e7\u00e3o do ascensor, que foi realizada pela Prefeitura, coordenado pela Funda\u00e7\u00e3o M\u00e1rio Leal Ferreira (FMLF) e elaborado pela A+P Arquitetos Associados. O esquema de ilumina\u00e7\u00e3o c\u00eanica \u00e9 assinado pelos arquitetos Gerardo Fonseca e Eder Ferreira.<\/p>\n<p>A men\u00e7\u00e3o no pr\u00eamio internacional reconhece o sucesso do projeto, que tem o objetivo de consolidar o Elevador Lacerda como um marco noturno na paisagem de Salvador. A inten\u00e7\u00e3o foi refor\u00e7ar a presen\u00e7a simb\u00f3lica do ascensor ao mesmo tempo em que preserva a autenticidade do monumento hist\u00f3rico.<\/p>\n<p>\u201cO Elevador Lacerda \u00e9 mais do que um equipamento de transporte, representa um marco da arquitetura na paisagem urbana da nossa cidade, em absoluta harmonia com o seu entorno. Trabalhar o projeto de restauro e recupera\u00e7\u00e3o do Elevador significou trazer para a contemporaneidade as marcas e caracter\u00edsticas dos 150 anos da sua hist\u00f3ria. A ilumina\u00e7\u00e3o, hoje reconhecida, consolida a nossa perspectiva de valorizar e destacar os importantes monumentos da Cidade do Salvador\u201d, avalia a presidente da FMLF, T\u00e2nia Scofield.<\/p>\n<p>O LIT Lighting Design Awards \u00e9 uma premia\u00e7\u00e3o anual organizada por uma institui\u00e7\u00e3o com o mesmo nome, sediada em Londres. \u201cEssa men\u00e7\u00e3o honrosa solidifica a import\u00e2ncia do Elevador Lacerda enquanto edifica\u00e7\u00e3o \u00edcone da cidade, do Brasil e para o mundo. Certeza que, al\u00e9m do projeto da ilumina\u00e7\u00e3o e do conceito aplicado, est\u00e1 a afirma\u00e7\u00e3o da ilumina\u00e7\u00e3o enquanto meio de express\u00e3o arquitet\u00f4nica para revelar o protagonismo de uma edifica\u00e7\u00e3o importante no contexto urbano noturno\u201d, avalia o arquiteto Gerardo Fonseca.<\/p>\n<p><strong>Preserva\u00e7\u00e3o<\/strong><\/p>\n<p>A vice-prefeita e secret\u00e1ria de Cultura e Turismo (Secult), Ana Paula Matos, destaca o papel estrat\u00e9gico dessas entregas para a internacionaliza\u00e7\u00e3o do destino Salvador.<\/p>\n<p>\u201cEssa men\u00e7\u00e3o honrosa em uma premia\u00e7\u00e3o internacional refor\u00e7a que a nossa cidade est\u00e1 se consolidando como refer\u00eancia tamb\u00e9m pela forma como cuida e apresenta os seus monumentos. Quando nossa arquitetura hist\u00f3rica ganha protagonismo \u00e0 noite, ampliamos o interesse tur\u00edstico, movimentamos a economia e colocamos a cidade no topo do desejo de quem busca destinos aut\u00eanticos e culturalmente fortes\u201d, diz.<\/p>\n<div>\n<div class=\"trv-player-container\">\n<div class=\"trv-wrapper\">\n<div id=\"br_video_player_3abcc8f601600cca74f49df2b6964f9dc3c659f9\" class=\"trvd_video_player trvdinstream\">\n<div class=\"media-player\">\n<div class=\"trv-video\">Para o diretor de Ilumina\u00e7\u00e3o P\u00fablica (Dsip), \u00c2ngelo Magalh\u00e3es, o reconhecimento internacional refor\u00e7a o papel da luz como ferramenta de preserva\u00e7\u00e3o e promo\u00e7\u00e3o do patrim\u00f4nio hist\u00f3rico. \u201cEstamos mostrando que a ilumina\u00e7\u00e3o vai muito al\u00e9m da fun\u00e7\u00e3o t\u00e9cnica. Quando tratamos um monumento com cuidado e criatividade, fortalecemos o turismo, a autoestima da popula\u00e7\u00e3o e a preserva\u00e7\u00e3o da nossa hist\u00f3ria\u201d, afirma.<\/div>\n<\/div>\n<\/div>\n<\/div>\n<\/div>\n<\/div>\n<\/div>\n<\/div>\n","protected":false},"excerpt":{"rendered":"<p>Um dos \u00edcones mais importantes do conjunto hist\u00f3rico, arquitet\u00f4nico e cultural de Salvador, o Elevador Lacerda, foi celebrado no LIT Lighting Design Awards deste ano, com uma Men\u00e7\u00e3o Honrosa na categoria Projeto de Arquitetura de Ilumina\u00e7\u00e3o para Edifica\u00e7\u00e3o P\u00fablica. O projeto premiado se insere na restaura\u00e7\u00e3o e requalifica\u00e7\u00e3o do ascensor, que foi realizada pela Prefeitura, [&hellip;]<\/p>\n","protected":false},"author":1,"featured_media":14116,"comment_status":"open","ping_status":"closed","sticky":false,"template":"","format":"standard","meta":{"jnews-multi-image_gallery":[],"jnews_single_post":[],"jnews_primary_category":[],"footnotes":""},"categories":[154],"tags":[],"class_list":["post-14114","post","type-post","status-publish","format-standard","has-post-thumbnail","hentry","category-elevador-lacerda"],"_links":{"self":[{"href":"https:\/\/cidadebaixaonline.com.br\/index.php\/wp-json\/wp\/v2\/posts\/14114","targetHints":{"allow":["GET"]}}],"collection":[{"href":"https:\/\/cidadebaixaonline.com.br\/index.php\/wp-json\/wp\/v2\/posts"}],"about":[{"href":"https:\/\/cidadebaixaonline.com.br\/index.php\/wp-json\/wp\/v2\/types\/post"}],"author":[{"embeddable":true,"href":"https:\/\/cidadebaixaonline.com.br\/index.php\/wp-json\/wp\/v2\/users\/1"}],"replies":[{"embeddable":true,"href":"https:\/\/cidadebaixaonline.com.br\/index.php\/wp-json\/wp\/v2\/comments?post=14114"}],"version-history":[{"count":1,"href":"https:\/\/cidadebaixaonline.com.br\/index.php\/wp-json\/wp\/v2\/posts\/14114\/revisions"}],"predecessor-version":[{"id":14115,"href":"https:\/\/cidadebaixaonline.com.br\/index.php\/wp-json\/wp\/v2\/posts\/14114\/revisions\/14115"}],"wp:featuredmedia":[{"embeddable":true,"href":"https:\/\/cidadebaixaonline.com.br\/index.php\/wp-json\/wp\/v2\/media\/14116"}],"wp:attachment":[{"href":"https:\/\/cidadebaixaonline.com.br\/index.php\/wp-json\/wp\/v2\/media?parent=14114"}],"wp:term":[{"taxonomy":"category","embeddable":true,"href":"https:\/\/cidadebaixaonline.com.br\/index.php\/wp-json\/wp\/v2\/categories?post=14114"},{"taxonomy":"post_tag","embeddable":true,"href":"https:\/\/cidadebaixaonline.com.br\/index.php\/wp-json\/wp\/v2\/tags?post=14114"}],"curies":[{"name":"wp","href":"https:\/\/api.w.org\/{rel}","templated":true}]}}