{"id":14111,"date":"2025-11-19T17:19:45","date_gmt":"2025-11-19T20:19:45","guid":{"rendered":"https:\/\/cidadebaixaonline.com.br\/?p=14111"},"modified":"2025-11-19T17:19:46","modified_gmt":"2025-11-19T20:19:46","slug":"prefeitura-realiza-varredura-no-centro-historico-para-seguranca-do-natal-2025","status":"publish","type":"post","link":"https:\/\/cidadebaixaonline.com.br\/index.php\/2025\/11\/19\/prefeitura-realiza-varredura-no-centro-historico-para-seguranca-do-natal-2025\/","title":{"rendered":"Prefeitura realiza varredura no Centro Hist\u00f3rico para seguran\u00e7a do Natal 2025"},"content":{"rendered":"<div class=\"materia-conteudo\">\n<p><span style=\"font-size: 16px;\">Uma comitiva formada por representantes de 17 \u00f3rg\u00e3os da Prefeitura de Salvador realizou, nesta quarta-feira (19), uma varredura no circuito onde ocorrer\u00e1 o Natal Salvador 2025, no Centro Hist\u00f3rico.<\/span><\/p>\n<\/div>\n<div class=\"materia\">\n<div class=\"conteudo_post\">\n<p>A a\u00e7\u00e3o foi coordenada pela Diretoria de Servi\u00e7os de Ilumina\u00e7\u00e3o P\u00fablica (Dsip), \u00f3rg\u00e3o vinculado \u00e0 Secretaria Municipal de Ordem P\u00fablica (Semop), em parceria com a Defesa Civil de Salvador (Codesal), com o objetivo de identificar e resolver poss\u00edveis situa\u00e7\u00f5es de risco, proporcionando seguran\u00e7a aos participantes da festa natalina a partir do pr\u00f3ximo m\u00eas.<\/p>\n<p>\u201c\u00c9 um trabalho minucioso, cuja an\u00e1lise t\u00e9cnica \u00e9 capitaneada pela Codesal, olhando desde as cal\u00e7adas, as pedras portuguesas, postes, balaustradas, caixas de sarjeta e de passagem.<\/p>\n<p>O relat\u00f3rio \u00e9 encaminhado para os \u00f3rg\u00e3os municipais, que fazem os reparos necess\u00e1rios. Desde o primeiro dia de planejamento, em outubro, nos preocupamos com todos os detalhes para proporcionarmos seguran\u00e7a a todos que ir\u00e3o participar do Natal Salvador 2025, seja trabalhando ou curtindo\u201d, afirma \u00c2ngelo Magalh\u00e3es, diretor da Dsip.<\/p>\n<p>O diretor da Defesa Civil de Salvador, Sosthenes Mac\u00eado, explica que o procedimento \u00e9 realizado antes de todos os grandes eventos de Salvador, como o Carnaval, a Lavagem do Bonfim e o Desfile do 2 de Julho.<\/p>\n<p>\u201cN\u00e3o seria diferente nesse megaevento que \u00e9 o Natal Luz de Salvador. H\u00e1 tr\u00eas anos iniciamos, a pedido da Diretoria de Ilumina\u00e7\u00e3o P\u00fablica, este procedimento de varredura neste circuito, que vai da Pra\u00e7a Castro Alves at\u00e9 o Pelourinho, notadamente no Terreiro de Jesus, onde, por diversos dias, receberemos milhares de pessoas\u201d, diz.<\/p>\n<p>Segundo Sosthenes, o trabalho \u00e9 feito junto com a equipe do mapeamento de \u00e1rea de risco da Codesal, que coordena as a\u00e7\u00f5es e \u00e9 chefiada por uma profissional de engenharia. \u201cObservamos desde pedras portuguesas soltas a poss\u00edveis marquises que estejam inst\u00e1veis ou mesmo tapumes que precisem ser mais bem fixados, acessos que denotem riscos\u201d, complementa.<\/p>\n<p><strong>\u00d3rg\u00e3os envolvidos <\/strong><\/p>\n<p>Integram o grupo respons\u00e1vel pelas vistorias, manuten\u00e7\u00e3o e organiza\u00e7\u00e3o da festa natalina no Centro Hist\u00f3rico, al\u00e9m da Dsip e da Codesal, as secretarias de Manuten\u00e7\u00e3o (Seman), de Sustentabilidade, Resili\u00eancia e Bem-estar e Prote\u00e7\u00e3o Animal (Secis), de Ordem P\u00fablica (Semop), de Promo\u00e7\u00e3o Social, Combate \u00e0 Pobreza, Esportes e Lazer (Sempre), da Sa\u00fade (SMS), de Mobilidade (Semob), de Desenvolvimento Urbano (Sedur), de Cultura e Turismo (Secult), de Pol\u00edticas para Mulheres, Inf\u00e2ncia e Juventude (SPMJ) e de Governo (Segov).<\/p>\n<p>Tamb\u00e9m participaram a Companhia de Desenvolvimento Urbano de Salvador (Desal), da Empresa de Limpeza Urbana de Salvador (Limpurb), Guarda Civil Municipal (GCM), Superintend\u00eancia de Tr\u00e2nsito (Transalvador) e Empresa Salvador Turismo (Saltur). As a\u00e7\u00f5es contam ainda com a participa\u00e7\u00e3o da Neonergia Coelba.<\/p>\n<p><strong>Programa\u00e7\u00e3o <\/strong><\/p>\n<p>A programa\u00e7\u00e3o do Natal Salvador 2025 est\u00e1 prevista para come\u00e7ar no dia 5 de dezembro. \u201cO Natal Salvador \u00e9 uma das festas mais prestigiadas na cidade, principalmente depois que trouxemos para esta regi\u00e3o.<\/p>\n<p>No ano passado, mais de 1,7 milh\u00e3o de visitantes passaram pelos nossos portais de reconhecimento facial e revista. Este ano, esperamos aumentar esse n\u00famero. Temos aqui um acervo cultural enorme, um Centro Hist\u00f3rico reconhecido como Patrim\u00f4nio da Humanidade pela Unesco; por isso precisamos ter muito cuidado, al\u00e9m de oferecer toda a seguran\u00e7a \u00e0s pessoas que passar\u00e3o por aqui nos 30 dias de evento\u201d, reitera \u00c2ngelo<\/p>\n<p>A equipe de vistoria da Dsip estar\u00e1 em regime de plant\u00e3o das 17h \u00e0s 22h no per\u00edodo da festa. Revis\u00f5es di\u00e1rias ser\u00e3o feitas, mesmo ap\u00f3s a varredura realizada nesta quarta. Al\u00e9m disso, todo o per\u00edmetro ser\u00e1 monitorado, com controle de acesso e revista, em parceria com a Pol\u00edcia Militar, al\u00e9m de c\u00e2meras para reconhecimento facial.<\/p>\n<\/div>\n<\/div>\n","protected":false},"excerpt":{"rendered":"<p>Uma comitiva formada por representantes de 17 \u00f3rg\u00e3os da Prefeitura de Salvador realizou, nesta quarta-feira (19), uma varredura no circuito onde ocorrer\u00e1 o Natal Salvador 2025, no Centro Hist\u00f3rico. A a\u00e7\u00e3o foi coordenada pela Diretoria de Servi\u00e7os de Ilumina\u00e7\u00e3o P\u00fablica (Dsip), \u00f3rg\u00e3o vinculado \u00e0 Secretaria Municipal de Ordem P\u00fablica (Semop), em parceria com a Defesa [&hellip;]<\/p>\n","protected":false},"author":1,"featured_media":14113,"comment_status":"open","ping_status":"closed","sticky":false,"template":"","format":"standard","meta":{"jnews-multi-image_gallery":[],"jnews_single_post":[],"jnews_primary_category":[],"footnotes":""},"categories":[140],"tags":[],"class_list":["post-14111","post","type-post","status-publish","format-standard","has-post-thumbnail","hentry","category-prefeitura-de-salvador"],"_links":{"self":[{"href":"https:\/\/cidadebaixaonline.com.br\/index.php\/wp-json\/wp\/v2\/posts\/14111","targetHints":{"allow":["GET"]}}],"collection":[{"href":"https:\/\/cidadebaixaonline.com.br\/index.php\/wp-json\/wp\/v2\/posts"}],"about":[{"href":"https:\/\/cidadebaixaonline.com.br\/index.php\/wp-json\/wp\/v2\/types\/post"}],"author":[{"embeddable":true,"href":"https:\/\/cidadebaixaonline.com.br\/index.php\/wp-json\/wp\/v2\/users\/1"}],"replies":[{"embeddable":true,"href":"https:\/\/cidadebaixaonline.com.br\/index.php\/wp-json\/wp\/v2\/comments?post=14111"}],"version-history":[{"count":1,"href":"https:\/\/cidadebaixaonline.com.br\/index.php\/wp-json\/wp\/v2\/posts\/14111\/revisions"}],"predecessor-version":[{"id":14112,"href":"https:\/\/cidadebaixaonline.com.br\/index.php\/wp-json\/wp\/v2\/posts\/14111\/revisions\/14112"}],"wp:featuredmedia":[{"embeddable":true,"href":"https:\/\/cidadebaixaonline.com.br\/index.php\/wp-json\/wp\/v2\/media\/14113"}],"wp:attachment":[{"href":"https:\/\/cidadebaixaonline.com.br\/index.php\/wp-json\/wp\/v2\/media?parent=14111"}],"wp:term":[{"taxonomy":"category","embeddable":true,"href":"https:\/\/cidadebaixaonline.com.br\/index.php\/wp-json\/wp\/v2\/categories?post=14111"},{"taxonomy":"post_tag","embeddable":true,"href":"https:\/\/cidadebaixaonline.com.br\/index.php\/wp-json\/wp\/v2\/tags?post=14111"}],"curies":[{"name":"wp","href":"https:\/\/api.w.org\/{rel}","templated":true}]}}