{"id":14096,"date":"2025-11-14T11:56:38","date_gmt":"2025-11-14T14:56:38","guid":{"rendered":"https:\/\/cidadebaixaonline.com.br\/?p=14096"},"modified":"2025-11-14T11:56:38","modified_gmt":"2025-11-14T14:56:38","slug":"servico-de-patinetes-eletricos-chega-a-cidade-baixa-e-amplia-oferta-de-mobilidade","status":"publish","type":"post","link":"https:\/\/cidadebaixaonline.com.br\/index.php\/2025\/11\/14\/servico-de-patinetes-eletricos-chega-a-cidade-baixa-e-amplia-oferta-de-mobilidade\/","title":{"rendered":"Servi\u00e7o de patinetes el\u00e9tricos chega \u00e0 Cidade Baixa e amplia oferta de mobilidade"},"content":{"rendered":"<p>A Cidade Baixa passa a integrar, a partir desta sexta-feira (14), o circuito de patinetes el\u00e9tricos disponibilizado pela Prefeitura de Salvador. A amplia\u00e7\u00e3o ser\u00e1 apresentada em um evento oficial em frente ao Terminal Hidrovi\u00e1rio da Ribeira e marca mais um passo das a\u00e7\u00f5es voltadas \u00e0 mobilidade sustent\u00e1vel na capital.<\/p>\n<p>Com a nova etapa, mais de 100 patinetes ser\u00e3o incorporados \u00e0 regi\u00e3o. O servi\u00e7o, que vem ganhando ades\u00e3o desde o in\u00edcio do ano, j\u00e1 registra 150 mil usu\u00e1rios cadastrados. Apenas em outubro, foram contabilizadas 59 mil viagens, o maior volume dos \u00faltimos seis meses. No total, 938 patinetes circulam hoje pela cidade, todos equipados com GPS, ilumina\u00e7\u00e3o noturna, sistema de freios e placa de identifica\u00e7\u00e3o.<\/p>\n<p>&nbsp;<\/p>\n<p>A operadora JET, parceira do munic\u00edpio, mant\u00e9m ainda a Escola de Dire\u00e7\u00e3o Segura, que promove a\u00e7\u00f5es educativas sobre seguran\u00e7a no tr\u00e2nsito em pontos como o Farol da Barra e a Avenida Magalh\u00e3es Neto. A proposta \u00e9 orientar os usu\u00e1rios e refor\u00e7ar pr\u00e1ticas de circula\u00e7\u00e3o mais respons\u00e1veis.<\/p>\n<p>O uso dos patinetes \u00e9 restrito a maiores de 18 anos, sem autoriza\u00e7\u00e3o para levar passageiros, transportar objetos ou conduzir o equipamento sob efeito de \u00e1lcool. O estacionamento tamb\u00e9m deve seguir as regras do aplicativo, com o objetivo de evitar bloqueios em cal\u00e7adas e outras \u00e1reas de circula\u00e7\u00e3o.<\/p>\n","protected":false},"excerpt":{"rendered":"<p>A Cidade Baixa passa a integrar, a partir desta sexta-feira (14), o circuito de patinetes el\u00e9tricos disponibilizado pela Prefeitura de Salvador. A amplia\u00e7\u00e3o ser\u00e1 apresentada em um evento oficial em frente ao Terminal Hidrovi\u00e1rio da Ribeira e marca mais um passo das a\u00e7\u00f5es voltadas \u00e0 mobilidade sustent\u00e1vel na capital. Com a nova etapa, mais de [&hellip;]<\/p>\n","protected":false},"author":1,"featured_media":14098,"comment_status":"open","ping_status":"closed","sticky":false,"template":"","format":"standard","meta":{"jnews-multi-image_gallery":[],"jnews_single_post":[],"jnews_primary_category":[],"footnotes":""},"categories":[152],"tags":[],"class_list":["post-14096","post","type-post","status-publish","format-standard","has-post-thumbnail","hentry","category-jet"],"_links":{"self":[{"href":"https:\/\/cidadebaixaonline.com.br\/index.php\/wp-json\/wp\/v2\/posts\/14096","targetHints":{"allow":["GET"]}}],"collection":[{"href":"https:\/\/cidadebaixaonline.com.br\/index.php\/wp-json\/wp\/v2\/posts"}],"about":[{"href":"https:\/\/cidadebaixaonline.com.br\/index.php\/wp-json\/wp\/v2\/types\/post"}],"author":[{"embeddable":true,"href":"https:\/\/cidadebaixaonline.com.br\/index.php\/wp-json\/wp\/v2\/users\/1"}],"replies":[{"embeddable":true,"href":"https:\/\/cidadebaixaonline.com.br\/index.php\/wp-json\/wp\/v2\/comments?post=14096"}],"version-history":[{"count":1,"href":"https:\/\/cidadebaixaonline.com.br\/index.php\/wp-json\/wp\/v2\/posts\/14096\/revisions"}],"predecessor-version":[{"id":14097,"href":"https:\/\/cidadebaixaonline.com.br\/index.php\/wp-json\/wp\/v2\/posts\/14096\/revisions\/14097"}],"wp:featuredmedia":[{"embeddable":true,"href":"https:\/\/cidadebaixaonline.com.br\/index.php\/wp-json\/wp\/v2\/media\/14098"}],"wp:attachment":[{"href":"https:\/\/cidadebaixaonline.com.br\/index.php\/wp-json\/wp\/v2\/media?parent=14096"}],"wp:term":[{"taxonomy":"category","embeddable":true,"href":"https:\/\/cidadebaixaonline.com.br\/index.php\/wp-json\/wp\/v2\/categories?post=14096"},{"taxonomy":"post_tag","embeddable":true,"href":"https:\/\/cidadebaixaonline.com.br\/index.php\/wp-json\/wp\/v2\/tags?post=14096"}],"curies":[{"name":"wp","href":"https:\/\/api.w.org\/{rel}","templated":true}]}}