{"id":14093,"date":"2025-11-14T11:31:49","date_gmt":"2025-11-14T14:31:49","guid":{"rendered":"https:\/\/cidadebaixaonline.com.br\/?p=14093"},"modified":"2025-11-14T11:31:50","modified_gmt":"2025-11-14T14:31:50","slug":"travessia-salvador-morro-de-sao-paulo-retoma-operacao-regular-nesta-sexta-14","status":"publish","type":"post","link":"https:\/\/cidadebaixaonline.com.br\/index.php\/2025\/11\/14\/travessia-salvador-morro-de-sao-paulo-retoma-operacao-regular-nesta-sexta-14\/","title":{"rendered":"Travessia Salvador-Morro de S\u00e3o Paulo retoma opera\u00e7\u00e3o regular nesta sexta (14)"},"content":{"rendered":"<p>A Associa\u00e7\u00e3o dos Transportadores Mar\u00edtimos da Bahia (Astramab) informa que a Travessia Salvador\u2013Morro de S\u00e3o Paulo voltou a operar normalmente com trajeto direto nesta sexta-feira (14). Ap\u00f3s quatro dias com conex\u00e3o em Itaparica, as condi\u00e7\u00f5es de navega\u00e7\u00e3o entre Salvador e Morro de S\u00e3o Paulo foram restabelecidas, permitindo a retomada dos hor\u00e1rios sem restri\u00e7\u00f5es.<\/p>\n<p>O primeiro catamar\u00e3 do dia partiu do Terminal N\u00e1utico da Bahia \u00e0s 9h, com lota\u00e7\u00e3o completa. As demais sa\u00eddas est\u00e3o programadas para as 10h30 e 14h30. No sentido Morro de S\u00e3o Paulo\u2013Salvador, os hor\u00e1rios dispon\u00edveis s\u00e3o 11h30, 13h30 e 15h, com embarque no Terminal Mar\u00edtimo de Morro de S\u00e3o Paulo.<\/p>\n<p>As tarifas vigentes da travessia s\u00e3o:<\/p>\n<p>Salvador \u2192 Morro de S\u00e3o Paulo: R$ 152,51<\/p>\n<p>Morro de S\u00e3o Paulo \u2192 Salvador: R$ 138,71<\/p>\n<p>Os bilhetes podem ser adquiridos com cart\u00e3o de cr\u00e9dito ou d\u00e9bito diretamente nos guich\u00eas das concession\u00e1rias Biotur e Ilha Bela, localizados no Terminal N\u00e1utico da Bahia.<\/p>\n","protected":false},"excerpt":{"rendered":"<p>A Associa\u00e7\u00e3o dos Transportadores Mar\u00edtimos da Bahia (Astramab) informa que a Travessia Salvador\u2013Morro de S\u00e3o Paulo voltou a operar normalmente com trajeto direto nesta sexta-feira (14). Ap\u00f3s quatro dias com conex\u00e3o em Itaparica, as condi\u00e7\u00f5es de navega\u00e7\u00e3o entre Salvador e Morro de S\u00e3o Paulo foram restabelecidas, permitindo a retomada dos hor\u00e1rios sem restri\u00e7\u00f5es. O primeiro [&hellip;]<\/p>\n","protected":false},"author":1,"featured_media":14095,"comment_status":"open","ping_status":"closed","sticky":false,"template":"","format":"standard","meta":{"jnews-multi-image_gallery":[],"jnews_single_post":[],"jnews_primary_category":[],"footnotes":""},"categories":[132],"tags":[],"class_list":["post-14093","post","type-post","status-publish","format-standard","has-post-thumbnail","hentry","category-travessia"],"_links":{"self":[{"href":"https:\/\/cidadebaixaonline.com.br\/index.php\/wp-json\/wp\/v2\/posts\/14093","targetHints":{"allow":["GET"]}}],"collection":[{"href":"https:\/\/cidadebaixaonline.com.br\/index.php\/wp-json\/wp\/v2\/posts"}],"about":[{"href":"https:\/\/cidadebaixaonline.com.br\/index.php\/wp-json\/wp\/v2\/types\/post"}],"author":[{"embeddable":true,"href":"https:\/\/cidadebaixaonline.com.br\/index.php\/wp-json\/wp\/v2\/users\/1"}],"replies":[{"embeddable":true,"href":"https:\/\/cidadebaixaonline.com.br\/index.php\/wp-json\/wp\/v2\/comments?post=14093"}],"version-history":[{"count":1,"href":"https:\/\/cidadebaixaonline.com.br\/index.php\/wp-json\/wp\/v2\/posts\/14093\/revisions"}],"predecessor-version":[{"id":14094,"href":"https:\/\/cidadebaixaonline.com.br\/index.php\/wp-json\/wp\/v2\/posts\/14093\/revisions\/14094"}],"wp:featuredmedia":[{"embeddable":true,"href":"https:\/\/cidadebaixaonline.com.br\/index.php\/wp-json\/wp\/v2\/media\/14095"}],"wp:attachment":[{"href":"https:\/\/cidadebaixaonline.com.br\/index.php\/wp-json\/wp\/v2\/media?parent=14093"}],"wp:term":[{"taxonomy":"category","embeddable":true,"href":"https:\/\/cidadebaixaonline.com.br\/index.php\/wp-json\/wp\/v2\/categories?post=14093"},{"taxonomy":"post_tag","embeddable":true,"href":"https:\/\/cidadebaixaonline.com.br\/index.php\/wp-json\/wp\/v2\/tags?post=14093"}],"curies":[{"name":"wp","href":"https:\/\/api.w.org\/{rel}","templated":true}]}}