{"id":14041,"date":"2025-10-30T13:50:08","date_gmt":"2025-10-30T16:50:08","guid":{"rendered":"https:\/\/cidadebaixaonline.com.br\/?p=14041"},"modified":"2025-10-30T13:50:08","modified_gmt":"2025-10-30T16:50:08","slug":"salvador-sedia-congresso-nacional-de-procuradores-municipais-com-presenca-de-autoridades","status":"publish","type":"post","link":"https:\/\/cidadebaixaonline.com.br\/index.php\/2025\/10\/30\/salvador-sedia-congresso-nacional-de-procuradores-municipais-com-presenca-de-autoridades\/","title":{"rendered":"Salvador sedia Congresso Nacional de Procuradores Municipais com presen\u00e7a de autoridades"},"content":{"rendered":"<p>O 20\u00ba Congresso Brasileiro de Procuradoras e Procuradores Municipais (CBPM) foi oficialmente aberto na noite desta ter\u00e7a-feira (28) em Salvador, em um evento que se estende at\u00e9 a pr\u00f3xima sexta-feira (31) no Hotel da Bahia by Wish. A capital baiana sedia o encontro que congrega cerca de mil participantes, entre procuradores, juristas, operadores do Direito e especialistas, vindos de 26 estados e do Distrito Federal para discutir temas cruciais para a gest\u00e3o dos munic\u00edpios brasileiros.<\/p>\n<p>A solenidade de abertura contou com a presen\u00e7a do prefeito de Salvador, Bruno Reis (Uni\u00e3o Brasil), que destacou a import\u00e2ncia da cidade como polo de grandes eventos nacionais em diversas \u00e1reas, incluindo jur\u00eddica, sa\u00fade e tecnologia. \u201cSalvador vem se notabilizando pela realiza\u00e7\u00e3o de grandes eventos em todas as \u00e1reas. Isso gra\u00e7as, primeiro, ao grande momento que vive a cidade\u201d, afirmou o gestor, ressaltando o impacto positivo desses encontros na economia local.<\/p>\n<p>O prefeito exaltou a realiza\u00e7\u00e3o do Congresso de Procuradores, que traz \u00e0 cidade profissionais e autoridades de todo o pa\u00eds. \u201cEnt\u00e3o teremos aqui procuradores de diversos munic\u00edpios brasileiros, com a presen\u00e7a de ministros, de palestrantes locais, de palestrantes que vir\u00e3o em diversos lugares do Brasil, para discutir diversos temas importantes para o trabalho que os procuradores realizam\u201d, afirmou.<\/p>\n<p>Pauta e convidados de destaque<\/p>\n<p>Promovido pela Associa\u00e7\u00e3o das Procuradoras e dos Procuradores do Munic\u00edpio de Salvador (APMS), Associa\u00e7\u00e3o Nacional dos Procuradores Municipais (ANPM) e Procuradoria-Geral do Munic\u00edpio de Salvador (PGMS), o congresso tem como tema central \u201cProcuradoria Municipal e Governan\u00e7a P\u00fablica: Inova\u00e7\u00e3o, Equidade e Sustentabilidade no S\u00e9culo 21\u201d.<\/p>\n<p>A programa\u00e7\u00e3o inclui pain\u00e9is, talk shows, apresenta\u00e7\u00f5es de cases, lan\u00e7amentos de livros e concurso de enunciados. As discuss\u00f5es abordar\u00e3o inova\u00e7\u00e3o na gest\u00e3o p\u00fablica, constitucionalidade, combate \u00e0 improbidade, intelig\u00eancia artificial, equidade de g\u00eanero e ra\u00e7a, e o futuro das cidades.<\/p>\n<p>O evento \u00e9 considerado o maior da advocacia p\u00fablica municipal do pa\u00eds, conforme ressaltou Andr\u00e9 Freire, diretor social da APMS. \u201cGrandes temas v\u00e3o ser debatidos para enfrentar os desafios e os maiores problemas que as cidades vivenciam\u201d, afirmou.<\/p>\n<p>A lista de participantes de destaque inclui a ministra do Supremo Tribunal Federal (STF), Carmen L\u00facia; a ministra do Tribunal Superior Eleitoral (TSE), Vera Lucia Santana; o ministro do Superior Tribunal de Justi\u00e7a (STJ), Teodoro Silva Santos; e o ministro do Tribunal Superior do Trabalho (TST), Alberto Balazeiro, al\u00e9m do presidente nacional da OAB, Beto Simonetti.<\/p>\n<p>O procurador-geral do Munic\u00edpio de Salvador, Eduardo Vaz Porto, refor\u00e7ou que o congresso \u201crefor\u00e7a o papel estrat\u00e9gico dos procuradores municipais na administra\u00e7\u00e3o p\u00fablica\u201d, que atuam diretamente na implementa\u00e7\u00e3o das pol\u00edticas p\u00fablicas no cotidiano dos cidad\u00e3os.<\/p>\n<p>Durante sua fala, Bruno mencionou que Salvador se prepara para receber a Conven\u00e7\u00e3o Nacional da Ordem dos Advogados do Brasil (OAB) em novembro de 2026. O prefeito receber\u00e1 o presidente nacional da OAB, Beto Simonetti, nesta quinta-feira (30), para tratar dos detalhes deste pr\u00f3ximo grande evento.<\/p>\n<p>&nbsp;<\/p>\n","protected":false},"excerpt":{"rendered":"<p>O 20\u00ba Congresso Brasileiro de Procuradoras e Procuradores Municipais (CBPM) foi oficialmente aberto na noite desta ter\u00e7a-feira (28) em Salvador, em um evento que se estende at\u00e9 a pr\u00f3xima sexta-feira (31) no Hotel da Bahia by Wish. A capital baiana sedia o encontro que congrega cerca de mil participantes, entre procuradores, juristas, operadores do Direito [&hellip;]<\/p>\n","protected":false},"author":1,"featured_media":14043,"comment_status":"open","ping_status":"closed","sticky":false,"template":"","format":"standard","meta":{"jnews-multi-image_gallery":[],"jnews_single_post":[],"jnews_primary_category":[],"footnotes":""},"categories":[86],"tags":[],"class_list":["post-14041","post","type-post","status-publish","format-standard","has-post-thumbnail","hentry","category-salvador"],"_links":{"self":[{"href":"https:\/\/cidadebaixaonline.com.br\/index.php\/wp-json\/wp\/v2\/posts\/14041","targetHints":{"allow":["GET"]}}],"collection":[{"href":"https:\/\/cidadebaixaonline.com.br\/index.php\/wp-json\/wp\/v2\/posts"}],"about":[{"href":"https:\/\/cidadebaixaonline.com.br\/index.php\/wp-json\/wp\/v2\/types\/post"}],"author":[{"embeddable":true,"href":"https:\/\/cidadebaixaonline.com.br\/index.php\/wp-json\/wp\/v2\/users\/1"}],"replies":[{"embeddable":true,"href":"https:\/\/cidadebaixaonline.com.br\/index.php\/wp-json\/wp\/v2\/comments?post=14041"}],"version-history":[{"count":1,"href":"https:\/\/cidadebaixaonline.com.br\/index.php\/wp-json\/wp\/v2\/posts\/14041\/revisions"}],"predecessor-version":[{"id":14042,"href":"https:\/\/cidadebaixaonline.com.br\/index.php\/wp-json\/wp\/v2\/posts\/14041\/revisions\/14042"}],"wp:featuredmedia":[{"embeddable":true,"href":"https:\/\/cidadebaixaonline.com.br\/index.php\/wp-json\/wp\/v2\/media\/14043"}],"wp:attachment":[{"href":"https:\/\/cidadebaixaonline.com.br\/index.php\/wp-json\/wp\/v2\/media?parent=14041"}],"wp:term":[{"taxonomy":"category","embeddable":true,"href":"https:\/\/cidadebaixaonline.com.br\/index.php\/wp-json\/wp\/v2\/categories?post=14041"},{"taxonomy":"post_tag","embeddable":true,"href":"https:\/\/cidadebaixaonline.com.br\/index.php\/wp-json\/wp\/v2\/tags?post=14041"}],"curies":[{"name":"wp","href":"https:\/\/api.w.org\/{rel}","templated":true}]}}