{"id":14038,"date":"2025-10-30T13:46:54","date_gmt":"2025-10-30T16:46:54","guid":{"rendered":"https:\/\/cidadebaixaonline.com.br\/?p=14038"},"modified":"2025-10-30T13:46:55","modified_gmt":"2025-10-30T16:46:55","slug":"prova-do-saeb-e-aplicada-na-rede-municipal-de-salvador-ate-esta-sexta-feira-31","status":"publish","type":"post","link":"https:\/\/cidadebaixaonline.com.br\/index.php\/2025\/10\/30\/prova-do-saeb-e-aplicada-na-rede-municipal-de-salvador-ate-esta-sexta-feira-31\/","title":{"rendered":"Prova do Saeb \u00e9 aplicada na rede municipal de Salvador at\u00e9 esta sexta-feira (31)"},"content":{"rendered":"<p>Estudantes da rede municipal de ensino de Salvador realizam, at\u00e9 esta sexta-feira (31), a prova do Sistema de Avalia\u00e7\u00e3o da Educa\u00e7\u00e3o B\u00e1sica (Saeb), que tem como objetivo diagnosticar e aprimorar a educa\u00e7\u00e3o, medindo a qualidade do ensino em grandes grupos, diferindo da avalia\u00e7\u00e3o individual em sala de aula, com resultados que visam orientar pol\u00edticas p\u00fablicas e pr\u00e1ticas pedag\u00f3gicas.<\/p>\n<p>Na manh\u00e3 desta quarta (29), na Escola Municipal Alfredo Amorim, no Bonfim (Cidade Baixa), a prova foi aplicada para alunos do 9\u00ba ano da institui\u00e7\u00e3o. A unidade possui tr\u00eas turmas com pouco mais de 100 alunos, que j\u00e1 fizeram a avalia\u00e7\u00e3o estadual (Sabe) e, agora, fazem a nacional.<\/p>\n<p>Durante todo o ano, esses estudantes participaram do Aprender +, que foca na recomposi\u00e7\u00e3o dos aprendizados de Portugu\u00eas e Matem\u00e1tica, al\u00e9m de prepara\u00e7\u00e3o para avalia\u00e7\u00f5es externas. Eles tamb\u00e9m fizeram simulados antes da prova do Saeb, disponibilizados pela plataforma do Aprova Brasil, parceria da Secretaria Municipal de Educa\u00e7\u00e3o (Smed) com a Editora Moderna, al\u00e9m de simulados no Ambiente Virtual de Aprendizagem (AVA).<\/p>\n<p>Diretora da Alfredo Amorim h\u00e1 12 anos, Patr\u00edcia Barral afirma que o Saeb proporciona um raio-X pedag\u00f3gico para que sejam formuladas diretrizes e pol\u00edticas p\u00fablicas que garantam uma educa\u00e7\u00e3o p\u00fablica de qualidade. \u201cEu vejo o Saeb como algo positivo e fico feliz de ver os alunos passando por esse processo. Eu estava conversando com eles sobre esse teste, que j\u00e1 \u00e9 um treino para o Exame Nacional do Ensino M\u00e9dio (Enem)\u201d, disse a gestora.<\/p>\n<p>Patr\u00edcia refor\u00e7a que o Saeb traz tamb\u00e9m a import\u00e2ncia de trabalhar com os indicadores. \u201cN\u00f3s, como professores, temos sempre que fazer uma reflex\u00e3o, e isso tem suscitado muito a quest\u00e3o da an\u00e1lise de dados das avalia\u00e7\u00f5es internas e externas. Nossos meninos est\u00e3o a\u00ed dando o retrato fiel do nosso pedag\u00f3gico e esperamos que isso venha gerar pol\u00edtica p\u00fablica que fortale\u00e7a a nossa educa\u00e7\u00e3o. Educa\u00e7\u00e3o de qualidade \u00e9 o que n\u00f3s desejamos\u201d, concluiu a diretora.<\/p>\n<p>Aos 14 anos, a jovem Agatha de Santana Nogueira foi uma das alunas que participou da aplica\u00e7\u00e3o: \u201c\u00c9 uma experi\u00eancia que vou levar at\u00e9 para outras provas no ensino m\u00e9dio. Foi uma prova bem tranquila\u201d. O colega de turma dela, Bernardo dos Santos, 15, tamb\u00e9m fez a avalia\u00e7\u00e3o e se mostrou otimista. \u201cA prova mostrou muitos dos conte\u00fados que temos no dia a dia na escola\u201d.<\/p>\n<p>Avalia\u00e7\u00e3o<\/p>\n<p>O Saeb teve in\u00edcio no \u00faltimo dia 20 e \u00e9 conduzido pelo Instituto Nacional de Estudos e Pesquisas Educacionais An\u00edsio Teixeira (Inep), vinculao ao Minist\u00e9rio da Educa\u00e7\u00e3o (MEC) para avaliar estudantes do 2\u00ba, 5\u00ba e 9\u00ba anos do Ensino Fundamental e da 3\u00aa s\u00e9rie do Ensino M\u00e9dio. Os componentes curriculares avaliados no Saeb s\u00e3o L\u00edngua Portuguesa e Matem\u00e1tica (censit\u00e1rio), al\u00e9m de Ci\u00eancias Humanas e da Natureza (amostral), e conta com a participa\u00e7\u00e3o de escolas p\u00fablicas, privadas e conveniadas.<\/p>\n<p>A divulga\u00e7\u00e3o dos resultados preliminares acontece em julho de 2026, com a divulga\u00e7\u00e3o dos resultados finais em agosto do mesmo ano. A avalia\u00e7\u00e3o \u00e9 aplicada simultaneamente em v\u00e1rias escolas, conforme agendamento realizado pelo Inep, por meio da Funda\u00e7\u00e3o Cesgranrio, empresa aplicadora.<\/p>\n<p>Realizado desde 1990, o Saeb \u00e9 uma avalia\u00e7\u00e3o em larga escala que oferece subs\u00eddios para a elabora\u00e7\u00e3o, o monitoramento e o aprimoramento de pol\u00edticas educacionais. Permite que os diversos n\u00edveis governamentais avaliem a qualidade da educa\u00e7\u00e3o praticada no pa\u00eds, a partir de evid\u00eancias, com vistas ao desenvolvimento social e econ\u00f4mico do Brasil.<\/p>\n<p>&nbsp;<\/p>\n","protected":false},"excerpt":{"rendered":"<p>Estudantes da rede municipal de ensino de Salvador realizam, at\u00e9 esta sexta-feira (31), a prova do Sistema de Avalia\u00e7\u00e3o da Educa\u00e7\u00e3o B\u00e1sica (Saeb), que tem como objetivo diagnosticar e aprimorar a educa\u00e7\u00e3o, medindo a qualidade do ensino em grandes grupos, diferindo da avalia\u00e7\u00e3o individual em sala de aula, com resultados que visam orientar pol\u00edticas p\u00fablicas [&hellip;]<\/p>\n","protected":false},"author":1,"featured_media":14040,"comment_status":"open","ping_status":"closed","sticky":false,"template":"","format":"standard","meta":{"jnews-multi-image_gallery":[],"jnews_single_post":[],"jnews_primary_category":[],"footnotes":""},"categories":[269],"tags":[],"class_list":["post-14038","post","type-post","status-publish","format-standard","has-post-thumbnail","hentry","category-saeb"],"_links":{"self":[{"href":"https:\/\/cidadebaixaonline.com.br\/index.php\/wp-json\/wp\/v2\/posts\/14038","targetHints":{"allow":["GET"]}}],"collection":[{"href":"https:\/\/cidadebaixaonline.com.br\/index.php\/wp-json\/wp\/v2\/posts"}],"about":[{"href":"https:\/\/cidadebaixaonline.com.br\/index.php\/wp-json\/wp\/v2\/types\/post"}],"author":[{"embeddable":true,"href":"https:\/\/cidadebaixaonline.com.br\/index.php\/wp-json\/wp\/v2\/users\/1"}],"replies":[{"embeddable":true,"href":"https:\/\/cidadebaixaonline.com.br\/index.php\/wp-json\/wp\/v2\/comments?post=14038"}],"version-history":[{"count":1,"href":"https:\/\/cidadebaixaonline.com.br\/index.php\/wp-json\/wp\/v2\/posts\/14038\/revisions"}],"predecessor-version":[{"id":14039,"href":"https:\/\/cidadebaixaonline.com.br\/index.php\/wp-json\/wp\/v2\/posts\/14038\/revisions\/14039"}],"wp:featuredmedia":[{"embeddable":true,"href":"https:\/\/cidadebaixaonline.com.br\/index.php\/wp-json\/wp\/v2\/media\/14040"}],"wp:attachment":[{"href":"https:\/\/cidadebaixaonline.com.br\/index.php\/wp-json\/wp\/v2\/media?parent=14038"}],"wp:term":[{"taxonomy":"category","embeddable":true,"href":"https:\/\/cidadebaixaonline.com.br\/index.php\/wp-json\/wp\/v2\/categories?post=14038"},{"taxonomy":"post_tag","embeddable":true,"href":"https:\/\/cidadebaixaonline.com.br\/index.php\/wp-json\/wp\/v2\/tags?post=14038"}],"curies":[{"name":"wp","href":"https:\/\/api.w.org\/{rel}","templated":true}]}}