{"id":14032,"date":"2025-10-28T13:19:01","date_gmt":"2025-10-28T16:19:01","guid":{"rendered":"https:\/\/cidadebaixaonline.com.br\/?p=14032"},"modified":"2025-10-28T13:19:02","modified_gmt":"2025-10-28T16:19:02","slug":"salvador-sedia-encontro-nacional-de-gestores-municipais-de-cultura","status":"publish","type":"post","link":"https:\/\/cidadebaixaonline.com.br\/index.php\/2025\/10\/28\/salvador-sedia-encontro-nacional-de-gestores-municipais-de-cultura\/","title":{"rendered":"Salvador sedia Encontro Nacional de Gestores Municipais de Cultura"},"content":{"rendered":"<div class=\"materia-conteudo\">\n<p><span style=\"font-size: 16px;\">Salvador \u00e9 palco, nesta semana, do Encontro Nacional de Gestores Municipais de Cultura, que come\u00e7ou nesta segunda-feira (27) e segue at\u00e9 ter\u00e7a (28), com uma programa\u00e7\u00e3o voltada \u00e0 coopera\u00e7\u00e3o federativa, inova\u00e7\u00e3o e governan\u00e7a no setor cultural. O evento \u00e9 realizado na Casa das Hist\u00f3rias de Salvador, no bairro do Com\u00e9rcio, e re\u00fane dirigentes de diversas cidades brasileiras, al\u00e9m de representantes do Minist\u00e9rio da Cultura e de institui\u00e7\u00f5es parceiras.<\/span><\/p>\n<\/div>\n<div class=\"materia\">\n<div class=\"conteudo_post\">\n<p data-start=\"740\" data-end=\"1167\">Na abertura do encontro, o prefeito Bruno Reis destacou os avan\u00e7os recentes da capital baiana na \u00e1rea cultural, tanto com a implanta\u00e7\u00e3o e requalifica\u00e7\u00e3o de equipamentos \u2014 como a pr\u00f3pria Casa das Hist\u00f3rias \u2014 quanto com iniciativas de fomento espalhadas por toda a cidade, a exemplo do programa Boca de Brasa. Ele tamb\u00e9m ressaltou a import\u00e2ncia do setor cultural para a economia local, impulsionando a gera\u00e7\u00e3o de emprego e renda.<\/p>\n<p data-start=\"1169\" data-end=\"1504\">\u201c\u00c9 uma alegria Salvador estar recebendo secret\u00e1rios de cultura de diversas cidades do Brasil, ainda mais nesse momento que vive a cultura da nossa cidade. Nos \u00faltimos anos, nunca se investiu tanto na \u00e1rea cultural como n\u00f3s fizemos, entre equipamentos recuperados, restaurados e novos espa\u00e7os entregues \u00e0 popula\u00e7\u00e3o\u201d, afirmou o prefeito.<\/p>\n<p data-start=\"1506\" data-end=\"1833\">Bruno Reis lembrou que, nas proximidades da Casa das Hist\u00f3rias, est\u00e3o em andamento obras da Sala de Espet\u00e1culos e da Escola de M\u00fasica Letieres Leite. Ele citou ainda os investimentos voltados \u00e0 revitaliza\u00e7\u00e3o do Centro Hist\u00f3rico, com aporte superior a R$ 1 bilh\u00e3o, al\u00e9m da recupera\u00e7\u00e3o do Teatro Vila Velha e da sede do Il\u00ea Aiy\u00ea.<\/p>\n<p data-start=\"1835\" data-end=\"2188\">\u201cVamos restaurar tamb\u00e9m o Cine Excelsior. S\u00e3o muitos equipamentos sendo fortalecidos. Temos diversos editais estimulando essa produ\u00e7\u00e3o cultural. \u00c9 um setor essencial para nossa cidade, pela pot\u00eancia que o baiano tem na criatividade e na forma de ser. Os principais movimentos culturais do Brasil foram liderados por baianos no mundo afora\u201d, acrescentou.<\/p>\n<p data-start=\"2190\" data-end=\"2662\">A cerim\u00f4nia contou com a presen\u00e7a da vice-prefeita e secret\u00e1ria de Cultura e Turismo, Ana Paula Matos; de Eliane Parreiras, presidenta do F\u00f3rum Nacional de Secret\u00e1rios e Dirigentes de Cultura (FNC) e secret\u00e1ria de Cultura de Belo Horizonte; e de Maria Marighella, presidenta da Funda\u00e7\u00e3o Nacional de Artes (Funarte), al\u00e9m de Fernando Guerreiro, presidente da Funda\u00e7\u00e3o Greg\u00f3rio de Mattos, representantes da Funda\u00e7\u00e3o Ita\u00fa e do Minist\u00e9rio da Cultura, entre outras autoridades.<\/p>\n<p data-start=\"2664\" data-end=\"2694\"><strong>Cultura como transforma\u00e7\u00e3o<\/strong><\/p>\n<p data-start=\"2696\" data-end=\"3043\">Ana Paula Matos destacou a transforma\u00e7\u00e3o da cena cultural soteropolitana e refor\u00e7ou que o maior patrim\u00f4nio da cidade \u00e9 o seu povo. \u201cEu poderia falar da quest\u00e3o antropol\u00f3gica ou urban\u00edstica da cultura dessa cidade museu a c\u00e9u aberto, mas prefiro refor\u00e7ar esse povo, amoroso, acolhedor, musical e sorridente, que faz a Bahia ser o que ela \u00e9\u201d, disse.<\/p>\n<p data-start=\"3045\" data-end=\"3262\">Ela tamb\u00e9m apresentou o programa \u201cSalvador Criativa\u201d, estruturado nos eixos de Fomento \u00e0 Cultura, Celebra\u00e7\u00e3o e A\u00e7\u00f5es de Mercado, com foco na economia criativa, sustentabilidade e fortalecimento das cadeias produtivas.<\/p>\n<p data-start=\"3264\" data-end=\"3562\">Eliane Parreiras enfatizou que o encontro fortalece a troca de experi\u00eancias e o di\u00e1logo entre munic\u00edpios e governo federal. \u201cSalvador representa um munic\u00edpio com pol\u00edtica cultural muito estruturada h\u00e1 anos, colocando a cultura como um ativo fundamental para o desenvolvimento sustent\u00e1vel\u201d, pontuou.<\/p>\n<p data-start=\"3564\" data-end=\"3738\">Segundo ela, a cultura impacta n\u00e3o apenas identidade e patrim\u00f4nio, mas tamb\u00e9m emprego, renda, inclus\u00e3o social e fortalecimento dos territ\u00f3rios \u2014 especialmente das periferias.<\/p>\n<p data-start=\"3740\" data-end=\"4006\">A programa\u00e7\u00e3o segue ao longo do dia com atividades promovidas em parceria com o Minist\u00e9rio da Cultura, incluindo escuta ativa e constru\u00e7\u00e3o de agendas conjuntas. \u00c0 noite, uma programa\u00e7\u00e3o cultural ser\u00e1 realizada para celebrar a diversidade art\u00edstica da capital baiana.<\/p>\n<div>\n<div class=\"trv-player-container\">\n<div class=\"trv-wrapper\">\n<div id=\"br_video_player_354998ddf95a071aee847bc635279a9dc3c659f9\" class=\"trvd_video_player trvdinstream\">\n<div class=\"media-player\">\n<div class=\"trv-video\">\n<div id=\"truvid_ima_container84192\" class=\"truvid_ima_container trv-ima-container-hidden\">\n<div>O encontro continua nesta ter\u00e7a-feira (28), com o Painel sobre Indicadores e Cultura, o Painel da Rede Brasileira de Cidades Criativas da Unesco e a Assembleia Geral do F\u00f3rum Nacional de Secret\u00e1rios de Cultura.<\/div>\n<\/div>\n<\/div>\n<\/div>\n<\/div>\n<\/div>\n<\/div>\n<\/div>\n<\/div>\n<\/div>\n","protected":false},"excerpt":{"rendered":"<p>Salvador \u00e9 palco, nesta semana, do Encontro Nacional de Gestores Municipais de Cultura, que come\u00e7ou nesta segunda-feira (27) e segue at\u00e9 ter\u00e7a (28), com uma programa\u00e7\u00e3o voltada \u00e0 coopera\u00e7\u00e3o federativa, inova\u00e7\u00e3o e governan\u00e7a no setor cultural. O evento \u00e9 realizado na Casa das Hist\u00f3rias de Salvador, no bairro do Com\u00e9rcio, e re\u00fane dirigentes de diversas [&hellip;]<\/p>\n","protected":false},"author":1,"featured_media":14034,"comment_status":"open","ping_status":"closed","sticky":false,"template":"","format":"standard","meta":{"jnews-multi-image_gallery":[],"jnews_single_post":[],"jnews_primary_category":[],"footnotes":""},"categories":[86],"tags":[],"class_list":["post-14032","post","type-post","status-publish","format-standard","has-post-thumbnail","hentry","category-salvador"],"_links":{"self":[{"href":"https:\/\/cidadebaixaonline.com.br\/index.php\/wp-json\/wp\/v2\/posts\/14032","targetHints":{"allow":["GET"]}}],"collection":[{"href":"https:\/\/cidadebaixaonline.com.br\/index.php\/wp-json\/wp\/v2\/posts"}],"about":[{"href":"https:\/\/cidadebaixaonline.com.br\/index.php\/wp-json\/wp\/v2\/types\/post"}],"author":[{"embeddable":true,"href":"https:\/\/cidadebaixaonline.com.br\/index.php\/wp-json\/wp\/v2\/users\/1"}],"replies":[{"embeddable":true,"href":"https:\/\/cidadebaixaonline.com.br\/index.php\/wp-json\/wp\/v2\/comments?post=14032"}],"version-history":[{"count":1,"href":"https:\/\/cidadebaixaonline.com.br\/index.php\/wp-json\/wp\/v2\/posts\/14032\/revisions"}],"predecessor-version":[{"id":14033,"href":"https:\/\/cidadebaixaonline.com.br\/index.php\/wp-json\/wp\/v2\/posts\/14032\/revisions\/14033"}],"wp:featuredmedia":[{"embeddable":true,"href":"https:\/\/cidadebaixaonline.com.br\/index.php\/wp-json\/wp\/v2\/media\/14034"}],"wp:attachment":[{"href":"https:\/\/cidadebaixaonline.com.br\/index.php\/wp-json\/wp\/v2\/media?parent=14032"}],"wp:term":[{"taxonomy":"category","embeddable":true,"href":"https:\/\/cidadebaixaonline.com.br\/index.php\/wp-json\/wp\/v2\/categories?post=14032"},{"taxonomy":"post_tag","embeddable":true,"href":"https:\/\/cidadebaixaonline.com.br\/index.php\/wp-json\/wp\/v2\/tags?post=14032"}],"curies":[{"name":"wp","href":"https:\/\/api.w.org\/{rel}","templated":true}]}}