{"id":14017,"date":"2025-10-21T09:52:28","date_gmt":"2025-10-21T12:52:28","guid":{"rendered":"https:\/\/cidadebaixaonline.com.br\/?p=14017"},"modified":"2025-10-21T09:52:29","modified_gmt":"2025-10-21T12:52:29","slug":"governo-da-bahia-anuncia-feriado-prolongado-e-antecipa-salario-de-servidores","status":"publish","type":"post","link":"https:\/\/cidadebaixaonline.com.br\/index.php\/2025\/10\/21\/governo-da-bahia-anuncia-feriado-prolongado-e-antecipa-salario-de-servidores\/","title":{"rendered":"Governo da Bahia anuncia feriado prolongado e antecipa sal\u00e1rio de servidores"},"content":{"rendered":"<div class=\"materia-conteudo\">\n<p><span style=\"font-size: 16px;\" data-contrast=\"auto\">Funcion\u00e1rios p\u00fablicos da prefeitura de Salvador e do Governo do Estado ter\u00e3o um fim de semana prolongado, isso porque a gest\u00e3o estadual e municipal anunciaram que v\u00e3o antecipar o dia do servidor p\u00fablico, que acontece na pr\u00f3xima ter\u00e7a-feira (28). <\/span><span style=\"font-size: 16px;\" data-ccp-props=\"{&quot;134233117&quot;:false,&quot;134233118&quot;:false,&quot;201341983&quot;:0,&quot;335551550&quot;:6,&quot;335551620&quot;:6,&quot;335559738&quot;:240,&quot;335559739&quot;:240,&quot;335559740&quot;:360}\">\u00a0<\/span><\/p>\n<\/div>\n<div class=\"materia\">\n<div class=\"conteudo_post\">\n<p><span data-contrast=\"auto\">Dessa forma, servidores ter\u00e3o o s\u00e1bado (25), o domingo (26) e a segunda-feira (27), para descansar. Al\u00e9m disso, o sal\u00e1rio deles tamb\u00e9m ser\u00e1 antecipado.\u00a0<\/span><span data-ccp-props=\"{&quot;134233117&quot;:false,&quot;134233118&quot;:false,&quot;201341983&quot;:0,&quot;335551550&quot;:6,&quot;335551620&quot;:6,&quot;335559738&quot;:240,&quot;335559739&quot;:240,&quot;335559740&quot;:360}\">\u00a0<\/span><span data-ccp-props=\"{&quot;134233117&quot;:false,&quot;134233118&quot;:false,&quot;201341983&quot;:0,&quot;335551550&quot;:6,&quot;335551620&quot;:6,&quot;335559738&quot;:240,&quot;335559739&quot;:240,&quot;335559740&quot;:360}\">\u00a0<\/span><\/p>\n<p><span data-contrast=\"auto\">O governo do Estado confirmou a antecipa\u00e7\u00e3o na segunda-feira (20), durante o programa de podcast Fala Jero, onde o governador da Bahia, Jer\u00f4nimo Rodrigues (PT) confirmou a antecipa\u00e7\u00e3o. Ele disse ainda que o decreto seria publicado j\u00e1 nesta ter\u00e7a-feira (21), no Di\u00e1rio Oficial do Estado (DOE).\u00a0<\/span><span data-ccp-props=\"{&quot;134233117&quot;:false,&quot;134233118&quot;:false,&quot;201341983&quot;:0,&quot;335551550&quot;:6,&quot;335551620&quot;:6,&quot;335559738&quot;:240,&quot;335559739&quot;:240,&quot;335559740&quot;:360}\">\u00a0<\/span><\/p>\n<p><span data-contrast=\"auto\">\u201cS\u00f3 pra confirmar com voc\u00eas a\u00ed, amanh\u00e3, ter\u00e7a-feira, dia 21, t\u00e1 no Di\u00e1rio Oficial, o adiantamento do feriado do servidor p\u00fablico, que \u00e9 na ter\u00e7a, n\u00f3s estamos antecipando pra segunda-feira e na ter\u00e7a passa a ser normal. Ent\u00e3o, segunda-feira \u00e9 feriado, feriad\u00e3o, e na ter\u00e7a volta tudo norma\u201d, declarou.\u00a0<\/span><span data-ccp-props=\"{&quot;134233117&quot;:false,&quot;134233118&quot;:false,&quot;201341983&quot;:0,&quot;335551550&quot;:6,&quot;335551620&quot;:6,&quot;335559738&quot;:240,&quot;335559739&quot;:240,&quot;335559740&quot;:360}\">\u00a0<\/span><\/p>\n<p><span data-contrast=\"auto\">O governador ainda confirmou que o sal\u00e1rio ser\u00e1 antecipado para esta\u00a0sexta-feira (24), antes do feriad\u00e3o. \u201cSexta-feira, dinheiro na conta do sal\u00e1rio, a\u00ed voc\u00ea vai poder comprar\u00a0muita coisa,\u00a0t\u00e1\u00a0certo? Para se alimentar bem. Na segunda a gente d\u00e1 uma descansada\u201d, disse.\u00a0<\/span><span data-ccp-props=\"{&quot;134233117&quot;:false,&quot;134233118&quot;:false,&quot;201341983&quot;:0,&quot;335551550&quot;:6,&quot;335551620&quot;:6,&quot;335559738&quot;:240,&quot;335559739&quot;:240,&quot;335559740&quot;:360}\">\u00a0<\/span><\/p>\n<p><span data-contrast=\"auto\">J\u00e1 a prefeitura confirmou a antecipa\u00e7\u00e3o do dia do servidor p\u00fablico no \u00faltimo dia 10 de outubro, atrav\u00e9s da Secretaria Municipal de Gest\u00e3o (Semge), que publicou o an\u00fancio, pelo Di\u00e1rio Oficial do Munic\u00edpio (DOM), do ponto facultativo na pr\u00f3xima segunda-feira.\u00a0<\/span><span data-ccp-props=\"{&quot;134233117&quot;:false,&quot;134233118&quot;:false,&quot;201341983&quot;:0,&quot;335551550&quot;:6,&quot;335551620&quot;:6,&quot;335559738&quot;:240,&quot;335559739&quot;:240,&quot;335559740&quot;:360}\">\u00a0<\/span><\/p>\n<p><span data-contrast=\"auto\">Apesar da folga, servi\u00e7os considerados essenciais, como sa\u00fade de urg\u00eancia, coleta de lixo e seguran\u00e7a p\u00fablica ir\u00e3o funcionar normalmente\u00a0durante o feriado antecipado.\u00a0<\/span><\/p>\n<\/div>\n<\/div>\n","protected":false},"excerpt":{"rendered":"<p>Funcion\u00e1rios p\u00fablicos da prefeitura de Salvador e do Governo do Estado ter\u00e3o um fim de semana prolongado, isso porque a gest\u00e3o estadual e municipal anunciaram que v\u00e3o antecipar o dia do servidor p\u00fablico, que acontece na pr\u00f3xima ter\u00e7a-feira (28). \u00a0 Dessa forma, servidores ter\u00e3o o s\u00e1bado (25), o domingo (26) e a segunda-feira (27), para [&hellip;]<\/p>\n","protected":false},"author":1,"featured_media":14019,"comment_status":"open","ping_status":"closed","sticky":false,"template":"","format":"standard","meta":{"jnews-multi-image_gallery":[],"jnews_single_post":[],"jnews_primary_category":[],"footnotes":""},"categories":[260],"tags":[],"class_list":["post-14017","post","type-post","status-publish","format-standard","has-post-thumbnail","hentry","category-governo-do-estado"],"_links":{"self":[{"href":"https:\/\/cidadebaixaonline.com.br\/index.php\/wp-json\/wp\/v2\/posts\/14017","targetHints":{"allow":["GET"]}}],"collection":[{"href":"https:\/\/cidadebaixaonline.com.br\/index.php\/wp-json\/wp\/v2\/posts"}],"about":[{"href":"https:\/\/cidadebaixaonline.com.br\/index.php\/wp-json\/wp\/v2\/types\/post"}],"author":[{"embeddable":true,"href":"https:\/\/cidadebaixaonline.com.br\/index.php\/wp-json\/wp\/v2\/users\/1"}],"replies":[{"embeddable":true,"href":"https:\/\/cidadebaixaonline.com.br\/index.php\/wp-json\/wp\/v2\/comments?post=14017"}],"version-history":[{"count":1,"href":"https:\/\/cidadebaixaonline.com.br\/index.php\/wp-json\/wp\/v2\/posts\/14017\/revisions"}],"predecessor-version":[{"id":14018,"href":"https:\/\/cidadebaixaonline.com.br\/index.php\/wp-json\/wp\/v2\/posts\/14017\/revisions\/14018"}],"wp:featuredmedia":[{"embeddable":true,"href":"https:\/\/cidadebaixaonline.com.br\/index.php\/wp-json\/wp\/v2\/media\/14019"}],"wp:attachment":[{"href":"https:\/\/cidadebaixaonline.com.br\/index.php\/wp-json\/wp\/v2\/media?parent=14017"}],"wp:term":[{"taxonomy":"category","embeddable":true,"href":"https:\/\/cidadebaixaonline.com.br\/index.php\/wp-json\/wp\/v2\/categories?post=14017"},{"taxonomy":"post_tag","embeddable":true,"href":"https:\/\/cidadebaixaonline.com.br\/index.php\/wp-json\/wp\/v2\/tags?post=14017"}],"curies":[{"name":"wp","href":"https:\/\/api.w.org\/{rel}","templated":true}]}}