{"id":13992,"date":"2025-10-15T11:24:16","date_gmt":"2025-10-15T14:24:16","guid":{"rendered":"https:\/\/cidadebaixaonline.com.br\/?p=13992"},"modified":"2025-10-15T11:24:17","modified_gmt":"2025-10-15T14:24:17","slug":"ivana-diz-que-criacao-da-seponte-garante-celeridade-na-execucao-da-ponte-salvador-itaparica","status":"publish","type":"post","link":"https:\/\/cidadebaixaonline.com.br\/index.php\/2025\/10\/15\/ivana-diz-que-criacao-da-seponte-garante-celeridade-na-execucao-da-ponte-salvador-itaparica\/","title":{"rendered":"Ivana diz que cria\u00e7\u00e3o da Seponte garante celeridade na execu\u00e7\u00e3o da Ponte Salvador-Itaparica"},"content":{"rendered":"<div id=\"top-menu\" class=\"ui top fixed medium menu page grid\">\n<div class=\"item removeBorderItemMenu\">A presidente da Assembleia Legislativa da Bahia (ALBA), Ivana Bastos (PSD), ressaltou nesta ter\u00e7a-feira (14) que a cria\u00e7\u00e3o de uma secretaria espec\u00edfica para coordenar as a\u00e7\u00f5es da Ponte Salvador-Itaparica dar\u00e1 mais agilidade ao andamento da obra. A declara\u00e7\u00e3o foi logo ap\u00f3s a aprova\u00e7\u00e3o, em plen\u00e1rio, do projeto de lei n\u00ba 25.963\/2025, de autoria do governador Jer\u00f4nimo Rodrigues (PT), que institui a Seponte (Secretaria Estadual para Assuntos do Sistema Rodovi\u00e1rio e da Ponte Salvador-Itaparica).<\/div>\n<\/div>\n<div class=\"pusher\"><main><\/p>\n<div class=\"container\">\n<div class=\"main-interno\">\n<div class=\"grid-base-int\">\n<div class=\"materia\">\n<div class=\"conteudo_post\">\n<p>\u201cOlha, \u00e9 um projeto de uma magnitude enorme, a Ponte de Salvador e Itaparica. \u00c9 um projeto que a gente j\u00e1 debate nessa Casa h\u00e1 muito tempo e um projeto que hoje est\u00e1 numa fase avan\u00e7ada. Projeto que j\u00e1 \u00e9 uma realidade. Ent\u00e3o a cria\u00e7\u00e3o dessa secretaria \u00e9 a cria\u00e7\u00e3o que o tema requer: uma secretaria para se tratar desse tema\u201d, afirmou Ivana Bastos.<\/p>\n<p>A deputada lembrou que a ALBA j\u00e1 adotou medidas semelhantes em outros momentos, como na \u00e9poca da Copa do Mundo de 2014. \u201cComo voc\u00eas disseram aqui, teve o da Copa do Mundo e tudo, ent\u00e3o \u00e9 isso, \u00e9 a Casa que aprovou esse projeto. Esse projeto foi discutido e eu tenho certeza que com a secretaria espec\u00edfica para se tratar da Ponte a gente vai poder ter mais celeridade e mais resposta ao que for necess\u00e1rio\u201d, completou.<\/p>\n<p>A proposta foi aprovada com voto contr\u00e1rio do deputado Hilton Coelho (PSOL) e da minoria da Casa. A Seponte funcionar\u00e1 de forma provis\u00f3ria, sendo respons\u00e1vel por coordenar o projeto at\u00e9 que a administra\u00e7\u00e3o da estrutura seja transferida para uma parceria p\u00fablico-privada (PPP).<\/p>\n<p>A cria\u00e7\u00e3o da secretaria \u00e9 considerada uma etapa estrat\u00e9gica pelo governo estadual para acelerar a execu\u00e7\u00e3o da ponte, uma das maiores obras de infraestrutura da Bahia. O projeto tramitou em regime de urg\u00eancia, aprovado no \u00faltimo dia 30 de setembro pelos parlamentares.<\/p>\n<\/div>\n<\/div>\n<\/div>\n<\/div>\n<\/div>\n<p><\/main><\/div>\n","protected":false},"excerpt":{"rendered":"<p>A presidente da Assembleia Legislativa da Bahia (ALBA), Ivana Bastos (PSD), ressaltou nesta ter\u00e7a-feira (14) que a cria\u00e7\u00e3o de uma secretaria espec\u00edfica para coordenar as a\u00e7\u00f5es da Ponte Salvador-Itaparica dar\u00e1 mais agilidade ao andamento da obra. A declara\u00e7\u00e3o foi logo ap\u00f3s a aprova\u00e7\u00e3o, em plen\u00e1rio, do projeto de lei n\u00ba 25.963\/2025, de autoria do governador [&hellip;]<\/p>\n","protected":false},"author":1,"featured_media":13994,"comment_status":"open","ping_status":"closed","sticky":false,"template":"","format":"standard","meta":{"jnews-multi-image_gallery":[],"jnews_single_post":[],"jnews_primary_category":[],"footnotes":""},"categories":[197],"tags":[],"class_list":["post-13992","post","type-post","status-publish","format-standard","has-post-thumbnail","hentry","category-ponte-salvador-itaparica"],"_links":{"self":[{"href":"https:\/\/cidadebaixaonline.com.br\/index.php\/wp-json\/wp\/v2\/posts\/13992","targetHints":{"allow":["GET"]}}],"collection":[{"href":"https:\/\/cidadebaixaonline.com.br\/index.php\/wp-json\/wp\/v2\/posts"}],"about":[{"href":"https:\/\/cidadebaixaonline.com.br\/index.php\/wp-json\/wp\/v2\/types\/post"}],"author":[{"embeddable":true,"href":"https:\/\/cidadebaixaonline.com.br\/index.php\/wp-json\/wp\/v2\/users\/1"}],"replies":[{"embeddable":true,"href":"https:\/\/cidadebaixaonline.com.br\/index.php\/wp-json\/wp\/v2\/comments?post=13992"}],"version-history":[{"count":1,"href":"https:\/\/cidadebaixaonline.com.br\/index.php\/wp-json\/wp\/v2\/posts\/13992\/revisions"}],"predecessor-version":[{"id":13993,"href":"https:\/\/cidadebaixaonline.com.br\/index.php\/wp-json\/wp\/v2\/posts\/13992\/revisions\/13993"}],"wp:featuredmedia":[{"embeddable":true,"href":"https:\/\/cidadebaixaonline.com.br\/index.php\/wp-json\/wp\/v2\/media\/13994"}],"wp:attachment":[{"href":"https:\/\/cidadebaixaonline.com.br\/index.php\/wp-json\/wp\/v2\/media?parent=13992"}],"wp:term":[{"taxonomy":"category","embeddable":true,"href":"https:\/\/cidadebaixaonline.com.br\/index.php\/wp-json\/wp\/v2\/categories?post=13992"},{"taxonomy":"post_tag","embeddable":true,"href":"https:\/\/cidadebaixaonline.com.br\/index.php\/wp-json\/wp\/v2\/tags?post=13992"}],"curies":[{"name":"wp","href":"https:\/\/api.w.org\/{rel}","templated":true}]}}