{"id":13989,"date":"2025-10-15T11:18:59","date_gmt":"2025-10-15T14:18:59","guid":{"rendered":"https:\/\/cidadebaixaonline.com.br\/?p=13989"},"modified":"2025-10-15T11:18:59","modified_gmt":"2025-10-15T14:18:59","slug":"morar-melhor-alcancara-200-instituicoes-sociais-ate-o-fim-do-ano","status":"publish","type":"post","link":"https:\/\/cidadebaixaonline.com.br\/index.php\/2025\/10\/15\/morar-melhor-alcancara-200-instituicoes-sociais-ate-o-fim-do-ano\/","title":{"rendered":"Morar Melhor alcan\u00e7ar\u00e1 200 institui\u00e7\u00f5es sociais at\u00e9 o fim do ano"},"content":{"rendered":"<p>Em um ano e meio em atividade, o programa Morar Melhor Entidades j\u00e1 atendeu 195 institui\u00e7\u00f5es sociais de Salvador e vai alcan\u00e7ar mais cinco at\u00e9 o final de 2025. A iniciativa surgiu em junho de 2024, como um desdobramento do Morar Melhor Habita\u00e7\u00e3o, que completou dez anos em outubro, beneficiando mais de 60 mil fam\u00edlias.<\/p>\n<p>A vers\u00e3o Entidades, por sua vez, \u00e9 voltada para terreiros, creches comunit\u00e1rias, asilos, associa\u00e7\u00f5es de moradores e outras organiza\u00e7\u00f5es que realizam projetos sociais na capital baiana. Muitas institui\u00e7\u00f5es operam atrav\u00e9s de editais, conv\u00eanios ou parcerias municipais, estaduais ou federais que contemplam despesas com loca\u00e7\u00e3o, contas de luz e de \u00e1gua, mas n\u00e3o preveem recurso para manuten\u00e7\u00e3o.<\/p>\n<p>O prefeito Bruno Reis explicou que o objetivo do programa \u00e9 ajudar as organiza\u00e7\u00f5es que est\u00e3o em estado prec\u00e1rio devido ao tempo e ao uso, socorrendo aquelas que prestam servi\u00e7os sociais para a popula\u00e7\u00e3o em vulnerabilidade.<\/p>\n<p>\u201cDiversas institui\u00e7\u00f5es da nossa cidade que realizam relevantes trabalhos sociais nas \u00e1reas cultural, esportiva, educacional e espiritual, que contribuem para melhorar a vida do cidad\u00e3o soteropolitano, t\u00eam problemas na sua infraestrutura. H\u00e1 diversos conv\u00eanios, editais e parcerias que permitem uma s\u00e9rie de custos, mas nenhum deles prev\u00ea obras e interven\u00e7\u00f5es, por isso, criamos o Morar Melhor Entidades\u201d, explicou.<\/p>\n<p>O primeiro terreiro atendido pelo programa foi o Il\u00ea Ax\u00e9 Omim Deua, em Fazenda Grande IV, e a primeira institui\u00e7\u00e3o n\u00e3o religiosa foi a Associa\u00e7\u00e3o Bahiana de Reabilita\u00e7\u00e3o e Educa\u00e7\u00e3o (Abre), em Vila Laura. O secret\u00e1rio municipal de Infraestrutura e Obras P\u00fablicas (Seinfra), Luiz Carlos de Souza, informou que o programa surgiu atrav\u00e9s de pedidos das ruas e lembrou que as reformas feitas pela Prefeitura estimulam a iniciativa privada a fazer o mesmo.<\/p>\n<p>\u201cEm todo bairro tem associa\u00e7\u00e3o, uma ou mais, realizando diversas atividades sociais. Elas n\u00e3o t\u00eam renda, e todo servi\u00e7o que fazem \u00e9 gratuito. A capta\u00e7\u00e3o de projetos \u00e9 dolorosa e muitas acabam operando na precariedade, sem banheiros e salas adequadas, com o telhado vazando, entre outras demandas. N\u00e3o d\u00e1 para encaixar no Morar Melhor Habita\u00e7\u00e3o, ent\u00e3o o prefeito me encomendou um projeto espec\u00edfico para as entidades\u201d, explicou.<\/p>\n<p><strong>Interven\u00e7\u00f5es<\/strong><\/p>\n<p>Na pr\u00e1tica, os servi\u00e7os realizados s\u00e3o similares aos da vers\u00e3o habitacional do programa, como reboco, pintura, troca de esquadrias, servi\u00e7os de el\u00e9trica e hidr\u00e1ulica, piso cer\u00e2mico, chapisco, utens\u00edlios sanit\u00e1rios (vaso, descarga, lavat\u00f3rio e chuveiro) e substitui\u00e7\u00e3o de telhado. Duas empresas fazem a execu\u00e7\u00e3o das obras.<\/p>\n<p>A coordenadora do Morar Melhor Entidades, Erica Sabrine, ressalta que o primeiro passo para quem quer ser beneficiado pelo programa \u00e9 procurar a Seinfra. \u201cNossa equipe vai analisar o pedido, marcar uma vistoria t\u00e9cnica e avaliar as condi\u00e7\u00f5es em termos de or\u00e7amento e estrutura. O programa faz melhorias, mas n\u00e3o mexe com a estrutura, n\u00e3o constr\u00f3i. A gente melhora aquilo que j\u00e1 existe. Salvador tem um d\u00e9ficit habitacional enorme, tanto de casas como de estrutura; a cidade foi feita sem planejamento. O Morar Melhor Habita\u00e7\u00e3o veio para diminuir isso, e o Entidades vem como um ap\u00eandice para acolher tamb\u00e9m as institui\u00e7\u00f5es\u201d, disse.<\/p>\n<p>A coordenadora frisou que s\u00e3o entidades que ajudam a sociedade, levando servi\u00e7os onde o poder p\u00fablico, muitas vezes, n\u00e3o consegue chegar. O leque \u00e9 variado, mas a maioria dos beneficiados \u00e9 terreiros de candombl\u00e9 cadastrados na Secretaria Municipal da Repara\u00e7\u00e3o (Semur). O registro \u00e9 obrigat\u00f3rio para ser atendido pelo programa. Al\u00e9m disso, todas as organiza\u00e7\u00f5es atendidas precisam ter ata, com os devidos membros, como presidente e vice-presidente, e ter registro.<\/p>\n","protected":false},"excerpt":{"rendered":"<p>Em um ano e meio em atividade, o programa Morar Melhor Entidades j\u00e1 atendeu 195 institui\u00e7\u00f5es sociais de Salvador e vai alcan\u00e7ar mais cinco at\u00e9 o final de 2025. A iniciativa surgiu em junho de 2024, como um desdobramento do Morar Melhor Habita\u00e7\u00e3o, que completou dez anos em outubro, beneficiando mais de 60 mil fam\u00edlias. [&hellip;]<\/p>\n","protected":false},"author":1,"featured_media":13991,"comment_status":"open","ping_status":"closed","sticky":false,"template":"","format":"standard","meta":{"jnews-multi-image_gallery":[],"jnews_single_post":[],"jnews_primary_category":[],"footnotes":""},"categories":[149],"tags":[],"class_list":["post-13989","post","type-post","status-publish","format-standard","has-post-thumbnail","hentry","category-morar-melhor"],"_links":{"self":[{"href":"https:\/\/cidadebaixaonline.com.br\/index.php\/wp-json\/wp\/v2\/posts\/13989","targetHints":{"allow":["GET"]}}],"collection":[{"href":"https:\/\/cidadebaixaonline.com.br\/index.php\/wp-json\/wp\/v2\/posts"}],"about":[{"href":"https:\/\/cidadebaixaonline.com.br\/index.php\/wp-json\/wp\/v2\/types\/post"}],"author":[{"embeddable":true,"href":"https:\/\/cidadebaixaonline.com.br\/index.php\/wp-json\/wp\/v2\/users\/1"}],"replies":[{"embeddable":true,"href":"https:\/\/cidadebaixaonline.com.br\/index.php\/wp-json\/wp\/v2\/comments?post=13989"}],"version-history":[{"count":1,"href":"https:\/\/cidadebaixaonline.com.br\/index.php\/wp-json\/wp\/v2\/posts\/13989\/revisions"}],"predecessor-version":[{"id":13990,"href":"https:\/\/cidadebaixaonline.com.br\/index.php\/wp-json\/wp\/v2\/posts\/13989\/revisions\/13990"}],"wp:featuredmedia":[{"embeddable":true,"href":"https:\/\/cidadebaixaonline.com.br\/index.php\/wp-json\/wp\/v2\/media\/13991"}],"wp:attachment":[{"href":"https:\/\/cidadebaixaonline.com.br\/index.php\/wp-json\/wp\/v2\/media?parent=13989"}],"wp:term":[{"taxonomy":"category","embeddable":true,"href":"https:\/\/cidadebaixaonline.com.br\/index.php\/wp-json\/wp\/v2\/categories?post=13989"},{"taxonomy":"post_tag","embeddable":true,"href":"https:\/\/cidadebaixaonline.com.br\/index.php\/wp-json\/wp\/v2\/tags?post=13989"}],"curies":[{"name":"wp","href":"https:\/\/api.w.org\/{rel}","templated":true}]}}