{"id":13961,"date":"2025-10-08T11:17:54","date_gmt":"2025-10-08T14:17:54","guid":{"rendered":"https:\/\/cidadebaixaonline.com.br\/?p=13961"},"modified":"2025-10-08T11:17:55","modified_gmt":"2025-10-08T14:17:55","slug":"prefeitura-realiza-festival-da-bicicleta-neste-final-de-semana-no-comercio","status":"publish","type":"post","link":"https:\/\/cidadebaixaonline.com.br\/index.php\/2025\/10\/08\/prefeitura-realiza-festival-da-bicicleta-neste-final-de-semana-no-comercio\/","title":{"rendered":"Prefeitura realiza Festival da Bicicleta neste final de semana no Com\u00e9rcio"},"content":{"rendered":"<div class=\"flex flex-col items-center my-2\"><\/div>\n<div class=\"flex justify-center gap-10 flex-wrap md:flex-nowrap\">\n<div class=\"w-full md:w-7\/12\">\n<div class=\"md:px-15\">\n<div class=\"prose-lg\">\n<p>As ruas do Com\u00e9rcio, em Salvador, v\u00e3o receber a programa\u00e7\u00e3o do Festival da Bicicleta 2025 no pr\u00f3ximo final de semana, transformando o bairro do Centro antigo em um grande espa\u00e7o de divers\u00e3o, cultura, mobilidade sustent\u00e1vel e encontros de especialistas para debates em torno do uso sustent\u00e1vel da bicicleta. O evento \u00e9 promovido pela Prefeitura, atrav\u00e9s da Empresa Salvador Turismo (Saltur) e do Movimento Salvador Vai de Bike (MSVB), refor\u00e7ando o compromisso da gest\u00e3o municipal com cidades mais humanas, conectadas e comprometidas com o meio ambiente.<\/p>\n<p>Com uma vasta grade de atividades, o festival \u00e9 gratuito e aberto a adultos e crian\u00e7as, oferecendo um fim de semana repleto de atra\u00e7\u00f5es que celebram a bike como ferramenta de lazer, esporte e transforma\u00e7\u00e3o social.<\/p>\n<p>Na sexta-feira (10), das 9h \u00e0s 17h, acontece o F\u00f3rum Salvador Vai de Bike, no pr\u00e9dio da Secretaria Municipal de Cultura e Turismo (Secult), localizado na Rua Portugal. O evento contempla a apresenta\u00e7\u00e3o de pain\u00e9is e debates sobre o papel transformador da bicicleta na sociedade.<\/p>\n<p>Durante o f\u00f3rum, especialistas em mobilidade pretendem discutir sobre o uso da bicicleta dentro da mobilidade em um ambiente mais sustent\u00e1vel e ainda abordar as transforma\u00e7\u00f5es do ambiente, das pessoas e da cidade de Salvador a partir do modal. Ao final das palestras, o p\u00fablico recebe certificado de conclus\u00e3o.<\/p>\n<p>Um dos pontos altos do festival \u00e9 a programa\u00e7\u00e3o l\u00fadica e recreativa que acontece na Avenida Estados Unidos, das 9h \u00e0s 17h, no s\u00e1bado (11) e domingo (12). Nesses dois dias, a rua vai se transformar em uma grande escola ao ar livre com aulas gratuitas de bicicleta e patinete para crian\u00e7as e adultos. As inscri\u00e7\u00f5es ser\u00e3o feitas no local, e a atividade \u00e9 ideal para quem quer dar as primeiras pedaladas com seguran\u00e7a e muita divers\u00e3o. Haver\u00e1 ainda atra\u00e7\u00f5es musicais, espa\u00e7o gastron\u00f4mico e atividades infantis.<\/p>\n<p>O festival inclui ainda a realiza\u00e7\u00e3o do 8\u00b0 Pedal Outubro Rosa, no domingo, com concentra\u00e7\u00e3o \u00e0s 7h e sa\u00edda \u00e0s 8h, em frente ao Banco do Nordeste, na Avenida Estados Unidos.<\/p>\n<p>Para o presidente da Saltur, Isaac Edington, o Festival da Bicicleta representa a consolida\u00e7\u00e3o de uma nova Salvador. \u201c\u00c9 uma cidade que vem trabalhando por uma transforma\u00e7\u00e3o a partir de escolhas mais humanas e coletivas. A bicicleta \u00e9 parte fundamental desse processo, pois conecta pessoas, promove sa\u00fade e ajuda a construir uma cidade mais viva, criativa e democr\u00e1tica\u201d, afirma.<\/p>\n<p>Quem for at\u00e9 a Rua Estados Unidos ainda poder\u00e1 aproveitar food bikes com op\u00e7\u00f5es gastron\u00f4micas variadas, shows ao vivo, circuitos infantis e Duo Kids para os pequenos se divertirem com seguran\u00e7a, al\u00e9m de expositores com produtos e servi\u00e7os ligados ao universo da bicicleta. \u201cO festival tamb\u00e9m \u00e9 uma oportunidade para conhecer iniciativas de mobilidade urbana e se engajar em pr\u00e1ticas saud\u00e1veis e sustent\u00e1veis\u201d, destaca o presidente da Saltur.<\/p>\n<p>A coordenadora do Movimento Salvador Vai de Bike (MSVB), Liana Oliva, aponta o festival como um evento muito importante do calend\u00e1rio da cidade. \u201cO Com\u00e9rcio ser\u00e1 o palco perfeito, pois \u00e9 um local arejado e amplo, com \u00e1rea para estacionamento de bikes, carros e f\u00e1cil acesso ao transporte coletivo. Al\u00e9m disso, o festival fomenta gera\u00e7\u00e3o de renda, reunindo lojistas do segmento para apresentar seus produtos e, atrav\u00e9s de um atendimento personalizado, ajudar as pessoas a escolherem sua bike e acess\u00f3rios\u201d, detalha.<\/p>\n<p><strong>Pedal consciente<\/strong>\u00a0\u2013 Como parte da programa\u00e7\u00e3o do festival, o Pedal Outubro Rosa chega \u00e0 sua 8\u00aa edi\u00e7\u00e3o, com o objetivo de conscientizar sobre a preven\u00e7\u00e3o do c\u00e2ncer de mama e valorizar o cuidado com a sa\u00fade feminina em todas as suas dimens\u00f5es.<\/p>\n<p>Al\u00e9m de incentivar o uso de bikes, o evento possui car\u00e1ter beneficente atrav\u00e9s de uma a\u00e7\u00e3o solid\u00e1ria, que arrecadar\u00e1 1kg de alimento n\u00e3o perec\u00edvel de cada participante. \u201cComo acontece todos os anos, vamos reunir milhares de pessoas em um percurso plano e seguro. Ser\u00e1 um evento imperd\u00edvel para todos que querem aproveitar a primavera, a cidade e fazer uso da bicicleta\u201d, conclui Liana.<\/p>\n<p><strong>Confira a programa\u00e7\u00e3o:<\/strong><\/p>\n<p><strong>Sexta-feira (10)<\/strong><\/p>\n<p>F\u00f3rum Salvador Vai de Bike<\/p>\n<p>9h \u00e0s 17h<\/p>\n<p>Pr\u00e9dio da Secult, Rua Portugal, n\u00ba2, Com\u00e9rcio.<\/p>\n<p><strong>S\u00e1bado (11) e domingo (12)<\/strong><\/p>\n<p>Atividades l\u00fadicas, oficinas de bike e patinete, m\u00fasica, arte, entretenimento e com\u00e9rcio de bikes e acess\u00f3rios<\/p>\n<p>9h \u00e0s 17h<\/p>\n<p>Avenida Estados Unidos, Com\u00e9rcio<\/p>\n<p><strong>Domingo (12)<\/strong><\/p>\n<p>8\u00aa edi\u00e7\u00e3o do Pedal Outubro Rosa<\/p>\n<p>Concentra\u00e7\u00e3o \u00e0s 7h e sa\u00edda \u00e0s 8h<\/p>\n<p>Avenida Estados Unidos, em frente ao Banco do Nordeste, no Com\u00e9rcio<\/p>\n<\/div>\n<\/div>\n<\/div>\n<\/div>\n","protected":false},"excerpt":{"rendered":"<p>As ruas do Com\u00e9rcio, em Salvador, v\u00e3o receber a programa\u00e7\u00e3o do Festival da Bicicleta 2025 no pr\u00f3ximo final de semana, transformando o bairro do Centro antigo em um grande espa\u00e7o de divers\u00e3o, cultura, mobilidade sustent\u00e1vel e encontros de especialistas para debates em torno do uso sustent\u00e1vel da bicicleta. O evento \u00e9 promovido pela Prefeitura, atrav\u00e9s [&hellip;]<\/p>\n","protected":false},"author":1,"featured_media":13963,"comment_status":"open","ping_status":"closed","sticky":false,"template":"","format":"standard","meta":{"jnews-multi-image_gallery":[],"jnews_single_post":[],"jnews_primary_category":[],"footnotes":""},"categories":[264],"tags":[],"class_list":["post-13961","post","type-post","status-publish","format-standard","has-post-thumbnail","hentry","category-festival-da-bicicleta"],"_links":{"self":[{"href":"https:\/\/cidadebaixaonline.com.br\/index.php\/wp-json\/wp\/v2\/posts\/13961","targetHints":{"allow":["GET"]}}],"collection":[{"href":"https:\/\/cidadebaixaonline.com.br\/index.php\/wp-json\/wp\/v2\/posts"}],"about":[{"href":"https:\/\/cidadebaixaonline.com.br\/index.php\/wp-json\/wp\/v2\/types\/post"}],"author":[{"embeddable":true,"href":"https:\/\/cidadebaixaonline.com.br\/index.php\/wp-json\/wp\/v2\/users\/1"}],"replies":[{"embeddable":true,"href":"https:\/\/cidadebaixaonline.com.br\/index.php\/wp-json\/wp\/v2\/comments?post=13961"}],"version-history":[{"count":1,"href":"https:\/\/cidadebaixaonline.com.br\/index.php\/wp-json\/wp\/v2\/posts\/13961\/revisions"}],"predecessor-version":[{"id":13962,"href":"https:\/\/cidadebaixaonline.com.br\/index.php\/wp-json\/wp\/v2\/posts\/13961\/revisions\/13962"}],"wp:featuredmedia":[{"embeddable":true,"href":"https:\/\/cidadebaixaonline.com.br\/index.php\/wp-json\/wp\/v2\/media\/13963"}],"wp:attachment":[{"href":"https:\/\/cidadebaixaonline.com.br\/index.php\/wp-json\/wp\/v2\/media?parent=13961"}],"wp:term":[{"taxonomy":"category","embeddable":true,"href":"https:\/\/cidadebaixaonline.com.br\/index.php\/wp-json\/wp\/v2\/categories?post=13961"},{"taxonomy":"post_tag","embeddable":true,"href":"https:\/\/cidadebaixaonline.com.br\/index.php\/wp-json\/wp\/v2\/tags?post=13961"}],"curies":[{"name":"wp","href":"https:\/\/api.w.org\/{rel}","templated":true}]}}