{"id":13955,"date":"2025-10-08T10:42:29","date_gmt":"2025-10-08T13:42:29","guid":{"rendered":"https:\/\/cidadebaixaonline.com.br\/?p=13955"},"modified":"2025-10-08T10:42:29","modified_gmt":"2025-10-08T13:42:29","slug":"salcine-capacita-80-alunos-e-fortalece-formacao-profissional-no-audiovisual-em-salvador","status":"publish","type":"post","link":"https:\/\/cidadebaixaonline.com.br\/index.php\/2025\/10\/08\/salcine-capacita-80-alunos-e-fortalece-formacao-profissional-no-audiovisual-em-salvador\/","title":{"rendered":"Salcine capacita 80 alunos e fortalece forma\u00e7\u00e3o profissional no audiovisual em Salvador"},"content":{"rendered":"<div class=\"materia\">\n<div class=\"conteudo_post\">\n<p>Cerca de 80 alunos participam de uma forma\u00e7\u00e3o voltada ao setor audiovisual por meio do programa Salcine, iniciativa da Prefeitura de Salvador que busca impulsionar o desenvolvimento do segmento na capital baiana e atender \u00e0 crescente demanda por profissionais qualificados.<\/p>\n<p>As aulas come\u00e7aram em 15 de setembro e est\u00e3o distribu\u00eddas em quatro cursos t\u00e9cnicos: Assist\u00eancia de C\u00e2mera, Montagem, Edi\u00e7\u00e3o e Mixagem de Som, e Maquin\u00e1ria e El\u00e9trica. Cada turma re\u00fane 20 estudantes selecionados, o que refor\u00e7a o compromisso da gest\u00e3o municipal com a democratiza\u00e7\u00e3o do acesso \u00e0 forma\u00e7\u00e3o e \u00e0 profissionaliza\u00e7\u00e3o no setor criativo.<\/p>\n<div>\n<div>\n<div class=\"trv-player-container\">\n<div class=\"trv-wrapper\">\n<div id=\"br_video_player_1bc0e451abd42302b2df597ba420ab9dc3c659f9\" class=\"trvd_video_player trvdinstream\">\n<div class=\"media-player\">\n<div class=\"trv-video\">\n<div id=\"truvid_ima_container62899\" class=\"truvid_ima_container trv-ima-container-hidden\"><\/div>\n<\/div>\n<\/div>\n<\/div>\n<\/div>\n<\/div>\n<\/div>\n<\/div>\n<p>Com dura\u00e7\u00e3o de tr\u00eas meses, as trilhas formativas acontecem no Cimatec Digital, na Pra\u00e7a da S\u00e9, e na Iglu Loc, no bairro do Rio Vermelho. O projeto \u00e9 desenvolvido em parceria com o Senai Cimatec e a Secretaria de Desenvolvimento Econ\u00f4mico, Emprego e Renda (Semdec).<\/p>\n<p>De acordo com a Prefeitura, o Salcine tem contribu\u00eddo para fortalecer a cadeia produtiva do audiovisual em Salvador, abrindo portas para novos talentos e consolidando o munic\u00edpio como um polo criativo\u00a0em\u00a0expans\u00e3o.<\/p>\n<\/div>\n<\/div>\n","protected":false},"excerpt":{"rendered":"<p>Cerca de 80 alunos participam de uma forma\u00e7\u00e3o voltada ao setor audiovisual por meio do programa Salcine, iniciativa da Prefeitura de Salvador que busca impulsionar o desenvolvimento do segmento na capital baiana e atender \u00e0 crescente demanda por profissionais qualificados. As aulas come\u00e7aram em 15 de setembro e est\u00e3o distribu\u00eddas em quatro cursos t\u00e9cnicos: Assist\u00eancia [&hellip;]<\/p>\n","protected":false},"author":1,"featured_media":13957,"comment_status":"open","ping_status":"closed","sticky":false,"template":"","format":"standard","meta":{"jnews-multi-image_gallery":[],"jnews_single_post":[],"jnews_primary_category":[],"footnotes":""},"categories":[85],"tags":[],"class_list":["post-13955","post","type-post","status-publish","format-standard","has-post-thumbnail","hentry","category-noticias"],"_links":{"self":[{"href":"https:\/\/cidadebaixaonline.com.br\/index.php\/wp-json\/wp\/v2\/posts\/13955","targetHints":{"allow":["GET"]}}],"collection":[{"href":"https:\/\/cidadebaixaonline.com.br\/index.php\/wp-json\/wp\/v2\/posts"}],"about":[{"href":"https:\/\/cidadebaixaonline.com.br\/index.php\/wp-json\/wp\/v2\/types\/post"}],"author":[{"embeddable":true,"href":"https:\/\/cidadebaixaonline.com.br\/index.php\/wp-json\/wp\/v2\/users\/1"}],"replies":[{"embeddable":true,"href":"https:\/\/cidadebaixaonline.com.br\/index.php\/wp-json\/wp\/v2\/comments?post=13955"}],"version-history":[{"count":1,"href":"https:\/\/cidadebaixaonline.com.br\/index.php\/wp-json\/wp\/v2\/posts\/13955\/revisions"}],"predecessor-version":[{"id":13956,"href":"https:\/\/cidadebaixaonline.com.br\/index.php\/wp-json\/wp\/v2\/posts\/13955\/revisions\/13956"}],"wp:featuredmedia":[{"embeddable":true,"href":"https:\/\/cidadebaixaonline.com.br\/index.php\/wp-json\/wp\/v2\/media\/13957"}],"wp:attachment":[{"href":"https:\/\/cidadebaixaonline.com.br\/index.php\/wp-json\/wp\/v2\/media?parent=13955"}],"wp:term":[{"taxonomy":"category","embeddable":true,"href":"https:\/\/cidadebaixaonline.com.br\/index.php\/wp-json\/wp\/v2\/categories?post=13955"},{"taxonomy":"post_tag","embeddable":true,"href":"https:\/\/cidadebaixaonline.com.br\/index.php\/wp-json\/wp\/v2\/tags?post=13955"}],"curies":[{"name":"wp","href":"https:\/\/api.w.org\/{rel}","templated":true}]}}