{"id":13952,"date":"2025-10-07T17:58:33","date_gmt":"2025-10-07T20:58:33","guid":{"rendered":"https:\/\/cidadebaixaonline.com.br\/?p=13952"},"modified":"2025-10-07T17:58:33","modified_gmt":"2025-10-07T20:58:33","slug":"populares-encontram-cranio-humano-dentro-de-lixeira-no-comercio","status":"publish","type":"post","link":"https:\/\/cidadebaixaonline.com.br\/index.php\/2025\/10\/07\/populares-encontram-cranio-humano-dentro-de-lixeira-no-comercio\/","title":{"rendered":"Populares encontram cr\u00e2nio humano dentro de lixeira no Com\u00e9rcio"},"content":{"rendered":"<p>A pol\u00edcia localizou um cr\u00e2nio humano na manh\u00e3 desta segunda-feira (6). A ossada foi encontrada dentro de uma lixeira na Rua Riachuelo, nas proximidades da Pra\u00e7a da M\u00e3ozinha, no bairro do Com\u00e9rcio, em Salvador.<\/p>\n<p>A Pol\u00edcia Civil (PC) confirmou o caso. Populares informaram que a ossada havia sido deixada no local horas antes. O Departamento de Pol\u00edcia T\u00e9cnica (DPT) foi acionado para realizar a per\u00edcia e recolher o material.<\/p>\n<div>\n<div class=\"trv-player-container\">\n<div class=\"trv-wrapper\">\n<div id=\"br_video_player_13370beb5b0617a1d9a68aefc526329dc3c659f9\" class=\"trvd_video_player trvdinstream\">\n<div class=\"media-player\">\n<div class=\"trv-video\">De acordo com a PC, o caso foi registrado e segue sob apura\u00e7\u00e3o pela unidade respons\u00e1vel.<\/div>\n<\/div>\n<\/div>\n<\/div>\n<\/div>\n<\/div>\n","protected":false},"excerpt":{"rendered":"<p>A pol\u00edcia localizou um cr\u00e2nio humano na manh\u00e3 desta segunda-feira (6). A ossada foi encontrada dentro de uma lixeira na Rua Riachuelo, nas proximidades da Pra\u00e7a da M\u00e3ozinha, no bairro do Com\u00e9rcio, em Salvador. A Pol\u00edcia Civil (PC) confirmou o caso. Populares informaram que a ossada havia sido deixada no local horas antes. O Departamento [&hellip;]<\/p>\n","protected":false},"author":1,"featured_media":13954,"comment_status":"open","ping_status":"closed","sticky":false,"template":"","format":"standard","meta":{"jnews-multi-image_gallery":[],"jnews_single_post":[],"jnews_primary_category":[],"footnotes":""},"categories":[202],"tags":[],"class_list":["post-13952","post","type-post","status-publish","format-standard","has-post-thumbnail","hentry","category-policia-civil"],"_links":{"self":[{"href":"https:\/\/cidadebaixaonline.com.br\/index.php\/wp-json\/wp\/v2\/posts\/13952","targetHints":{"allow":["GET"]}}],"collection":[{"href":"https:\/\/cidadebaixaonline.com.br\/index.php\/wp-json\/wp\/v2\/posts"}],"about":[{"href":"https:\/\/cidadebaixaonline.com.br\/index.php\/wp-json\/wp\/v2\/types\/post"}],"author":[{"embeddable":true,"href":"https:\/\/cidadebaixaonline.com.br\/index.php\/wp-json\/wp\/v2\/users\/1"}],"replies":[{"embeddable":true,"href":"https:\/\/cidadebaixaonline.com.br\/index.php\/wp-json\/wp\/v2\/comments?post=13952"}],"version-history":[{"count":1,"href":"https:\/\/cidadebaixaonline.com.br\/index.php\/wp-json\/wp\/v2\/posts\/13952\/revisions"}],"predecessor-version":[{"id":13953,"href":"https:\/\/cidadebaixaonline.com.br\/index.php\/wp-json\/wp\/v2\/posts\/13952\/revisions\/13953"}],"wp:featuredmedia":[{"embeddable":true,"href":"https:\/\/cidadebaixaonline.com.br\/index.php\/wp-json\/wp\/v2\/media\/13954"}],"wp:attachment":[{"href":"https:\/\/cidadebaixaonline.com.br\/index.php\/wp-json\/wp\/v2\/media?parent=13952"}],"wp:term":[{"taxonomy":"category","embeddable":true,"href":"https:\/\/cidadebaixaonline.com.br\/index.php\/wp-json\/wp\/v2\/categories?post=13952"},{"taxonomy":"post_tag","embeddable":true,"href":"https:\/\/cidadebaixaonline.com.br\/index.php\/wp-json\/wp\/v2\/tags?post=13952"}],"curies":[{"name":"wp","href":"https:\/\/api.w.org\/{rel}","templated":true}]}}