{"id":13938,"date":"2025-10-02T19:39:38","date_gmt":"2025-10-02T22:39:38","guid":{"rendered":"https:\/\/cidadebaixaonline.com.br\/?p=13938"},"modified":"2025-10-02T19:39:39","modified_gmt":"2025-10-02T22:39:39","slug":"inema-autoriza-manejo-de-fauna-para-obra-da-ponte-salvador-itaparica-veja-o-que-e-permitido","status":"publish","type":"post","link":"https:\/\/cidadebaixaonline.com.br\/index.php\/2025\/10\/02\/inema-autoriza-manejo-de-fauna-para-obra-da-ponte-salvador-itaparica-veja-o-que-e-permitido\/","title":{"rendered":"Inema autoriza manejo de fauna para obra da ponte Salvador-Itaparica; veja o que \u00e9 permitido"},"content":{"rendered":"<p><span style=\"font-size: 16px;\">O Instituto do Meio Ambiente e Recursos H\u00eddricos (Inema) concedeu autoriza\u00e7\u00e3o para <\/span><b style=\"font-size: 16px;\">manejo de fauna<\/b><span style=\"font-size: 16px;\">\u00a0ao cons\u00f3rcio de empresas chinesas respons\u00e1veis pela constru\u00e7\u00e3o da ponte Salvador-Itaparica. A medida \u00e9 v\u00e1lida por tr\u00eas anos e\u00a0<\/span><b style=\"font-size: 16px;\">permite o levantamento das esp\u00e9cies de alguns animais marinhos que vivem nas \u00e1reas afetadas pela obra<\/b><span style=\"font-size: 16px;\">.\u00a0<\/span><\/p>\n<div class=\"materia\">\n<div class=\"conteudo_post\">\n<p>A decis\u00e3o foi publicada no Di\u00e1rio Oficial do Estado nesta quinta-feira (2), assinada pelo diretor geral do Inema, Eduardo Farias Top\u00e1zio.<\/p>\n<p>A\u00a0<b>Concess\u00e3o Sistema Rodovi\u00e1rio ponte Salvador-Ilha de Itaparica S.A<\/b>, formada por quatro empresas por meio de parceria p\u00fablico-privada (PPP), poder\u00e1 realizar o levantamento das esp\u00e9cies pertencentes \u00e0s comunidades\u00a0<b>bent\u00f4nicas (peixes, crust\u00e1ceos, moluscos, corais, anel\u00eddeos e equinodermos)<\/b>\u00a0e \u00e0 comunidade<b>\u00a0planct\u00f4nica (fitopl\u00e2ncton, zoopl\u00e2ncton e ictiopl\u00e2ncton)<\/b>.<\/p>\n<p>Tamb\u00e9m est\u00e1 autorizada a executar o\u00a0<b>levantamento na \u00e1rea de influ\u00eancia do projeto de dragagem do novo canal de acesso ao Porto de Salvador, na Ba\u00eda de Todos os Santos<\/b>. A licen\u00e7a est\u00e1 condicionada ao cumprimento da legisla\u00e7\u00e3o vigente e dos condicionantes detalhados na \u00edntegra da portaria, com o protocolo de todos os documentos exigidos sendo feito exclusivamente no Sistema Eletr\u00f4nico de Informa\u00e7\u00f5es (SEI).<\/p>\n<p><b>O que n\u00e3o pode ser feito<\/b><\/p>\n<ul>\n<li aria-level=\"1\">A concession\u00e1ria n\u00e3o est\u00e1 autorizada a\u00a0<b>acessar o patrim\u00f4nio gen\u00e9tico<\/b>, a\u00e7\u00e3o que requer atendimento \u00e0 Lei n\u00ba 13.123\/15, que regulamenta o acesso ao patrim\u00f4nio gen\u00e9tico do pa\u00eds.<\/li>\n<li aria-level=\"1\">As empresas n\u00e3o poder\u00e3o\u00a0<b>capturar, coletar, transportar e soltar fauna em \u00e1reas de dom\u00ednio privado<\/b>\u00a0sem consentimento expresso do propriet\u00e1rio.<\/li>\n<li aria-level=\"1\">Tamb\u00e9m n\u00e3o est\u00e1 permitida a\u00a0<b>exporta\u00e7\u00e3o, comercializa\u00e7\u00e3o ou cria\u00e7\u00e3o<\/b>\u00a0de animais vivos ou material zool\u00f3gico.<\/li>\n<li aria-level=\"1\">A portaria tamb\u00e9m veda a pr\u00e1tica de\u00a0<b>eutan\u00e1sia de esp\u00e9cimes<\/b>\u00a0para compor cole\u00e7\u00f5es cient\u00edficas.<\/li>\n<\/ul>\n<\/div>\n<\/div>\n","protected":false},"excerpt":{"rendered":"<p>O Instituto do Meio Ambiente e Recursos H\u00eddricos (Inema) concedeu autoriza\u00e7\u00e3o para manejo de fauna\u00a0ao cons\u00f3rcio de empresas chinesas respons\u00e1veis pela constru\u00e7\u00e3o da ponte Salvador-Itaparica. A medida \u00e9 v\u00e1lida por tr\u00eas anos e\u00a0permite o levantamento das esp\u00e9cies de alguns animais marinhos que vivem nas \u00e1reas afetadas pela obra.\u00a0 A decis\u00e3o foi publicada no Di\u00e1rio Oficial [&hellip;]<\/p>\n","protected":false},"author":1,"featured_media":13940,"comment_status":"open","ping_status":"closed","sticky":false,"template":"","format":"standard","meta":{"jnews-multi-image_gallery":[],"jnews_single_post":[],"jnews_primary_category":[],"footnotes":""},"categories":[197],"tags":[],"class_list":["post-13938","post","type-post","status-publish","format-standard","has-post-thumbnail","hentry","category-ponte-salvador-itaparica"],"_links":{"self":[{"href":"https:\/\/cidadebaixaonline.com.br\/index.php\/wp-json\/wp\/v2\/posts\/13938","targetHints":{"allow":["GET"]}}],"collection":[{"href":"https:\/\/cidadebaixaonline.com.br\/index.php\/wp-json\/wp\/v2\/posts"}],"about":[{"href":"https:\/\/cidadebaixaonline.com.br\/index.php\/wp-json\/wp\/v2\/types\/post"}],"author":[{"embeddable":true,"href":"https:\/\/cidadebaixaonline.com.br\/index.php\/wp-json\/wp\/v2\/users\/1"}],"replies":[{"embeddable":true,"href":"https:\/\/cidadebaixaonline.com.br\/index.php\/wp-json\/wp\/v2\/comments?post=13938"}],"version-history":[{"count":1,"href":"https:\/\/cidadebaixaonline.com.br\/index.php\/wp-json\/wp\/v2\/posts\/13938\/revisions"}],"predecessor-version":[{"id":13939,"href":"https:\/\/cidadebaixaonline.com.br\/index.php\/wp-json\/wp\/v2\/posts\/13938\/revisions\/13939"}],"wp:featuredmedia":[{"embeddable":true,"href":"https:\/\/cidadebaixaonline.com.br\/index.php\/wp-json\/wp\/v2\/media\/13940"}],"wp:attachment":[{"href":"https:\/\/cidadebaixaonline.com.br\/index.php\/wp-json\/wp\/v2\/media?parent=13938"}],"wp:term":[{"taxonomy":"category","embeddable":true,"href":"https:\/\/cidadebaixaonline.com.br\/index.php\/wp-json\/wp\/v2\/categories?post=13938"},{"taxonomy":"post_tag","embeddable":true,"href":"https:\/\/cidadebaixaonline.com.br\/index.php\/wp-json\/wp\/v2\/tags?post=13938"}],"curies":[{"name":"wp","href":"https:\/\/api.w.org\/{rel}","templated":true}]}}