{"id":13935,"date":"2025-10-02T14:25:27","date_gmt":"2025-10-02T17:25:27","guid":{"rendered":"https:\/\/cidadebaixaonline.com.br\/?p=13935"},"modified":"2025-10-02T14:25:28","modified_gmt":"2025-10-02T17:25:28","slug":"prefeitura-entrega-reforma-do-centro-cultural-que-ladeira-e-essa","status":"publish","type":"post","link":"https:\/\/cidadebaixaonline.com.br\/index.php\/2025\/10\/02\/prefeitura-entrega-reforma-do-centro-cultural-que-ladeira-e-essa\/","title":{"rendered":"Prefeitura entrega reforma do Centro Cultural Que Ladeira \u00e9 Essa"},"content":{"rendered":"<p>O prefeito de Salvador, Bruno Reis (Uni\u00e3o Brasil), fez a entrega da reforma do Centro Cultural Que Ladeira \u00e9 Essa?, equipamento localizado na Ladeira da Pregui\u00e7a. A obra foi feita por meio do programa Morar Melhor Entidades e, segundo o prefeito, foi a reforma de n\u00famero 195.<\/p>\n<p>\u201cMuitas entidades estavam com um estado prec\u00e1rio diante da utiliza\u00e7\u00e3o e da dificuldade para manuten\u00e7\u00e3o\u201d, disse Bruno, que afirmou ter se inspirado no Morar Melhor para criar o programa voltado para equipamentos de organiza\u00e7\u00f5es.<\/p>\n<p>\u201cA gente tem diversos conv\u00eanios, editais, parcerias, mas todos eles contemplam insumos, remunera\u00e7\u00e3o dos profissionais que trabalham, pagamento do custeio, mas nenhum desses conv\u00eanios municipais, estaduais ou federais, prev\u00eaem obras\u201d, afirmou o prefeito.<\/p>\n<p>No local, foram realizados servi\u00e7os de revitaliza\u00e7\u00e3o de banheiros com acessibilidade, restaura\u00e7\u00e3o el\u00e9trica, pintura e reboco. Para T\u00e2nia Scofield, madrinha do Que Ladeira \u00e9 Essa?, agora o centro cultural poder\u00e1 continuar as aulas para os 90 alunos vinculados \u00e0 institui\u00e7\u00e3o.<\/p>\n<p>\u201cEles fazem um trabalho comunit\u00e1rio extremamente importante num casar\u00e3o que tem o valor hist\u00f3rico e arquitet\u00f4nico. Eles estavam numa condi\u00e7\u00e3o bastante prec\u00e1ria, sem condi\u00e7\u00f5es nenhuma de continuar com as aulas aqui embaixo, sem o sanit\u00e1rio adequado\u201d, disse T\u00e2nia, que comemorou a reforma.<\/p>\n<p><b>An\u00fancio de novas obras<\/b><\/p>\n<p>No evento, o prefeito anunciou a constru\u00e7\u00e3o de um novo quebramar na Gamboa e a requalifica\u00e7\u00e3o da avenida Contorno at\u00e9 Concei\u00e7\u00e3o da Praia.<\/p>\n<div>\n<div class=\"trv-player-container\">\n<div class=\"trv-wrapper\">\n<div id=\"br_video_player_616d2b98d3b38025e003bcab8318559dc3c659f9\" class=\"trvd_video_player trvdinstream\">\n<div class=\"media-player\">\n<div class=\"trv-video\">\u201cA gente tinha iniciado l\u00e1 atr\u00e1s a obra do Quebramar, mas tivemos que paralisar e elaborar um outro projeto e agora vamos reiniciar junto com a obra de requalifica\u00e7\u00e3o de toda a Avenida Contorno. Desde o viaduto do Campo Grande, onde n\u00f3s paramos as interven\u00e7\u00f5es do Vale do Canela, at\u00e9 as ruas Concei\u00e7\u00e3o da Praia\u201d, disse Bruno.<\/div>\n<\/div>\n<\/div>\n<\/div>\n<\/div>\n<\/div>\n","protected":false},"excerpt":{"rendered":"<p>O prefeito de Salvador, Bruno Reis (Uni\u00e3o Brasil), fez a entrega da reforma do Centro Cultural Que Ladeira \u00e9 Essa?, equipamento localizado na Ladeira da Pregui\u00e7a. A obra foi feita por meio do programa Morar Melhor Entidades e, segundo o prefeito, foi a reforma de n\u00famero 195. \u201cMuitas entidades estavam com um estado prec\u00e1rio diante [&hellip;]<\/p>\n","protected":false},"author":1,"featured_media":13937,"comment_status":"open","ping_status":"closed","sticky":false,"template":"","format":"standard","meta":{"jnews-multi-image_gallery":[],"jnews_single_post":[],"jnews_primary_category":[],"footnotes":""},"categories":[140],"tags":[],"class_list":["post-13935","post","type-post","status-publish","format-standard","has-post-thumbnail","hentry","category-prefeitura-de-salvador"],"_links":{"self":[{"href":"https:\/\/cidadebaixaonline.com.br\/index.php\/wp-json\/wp\/v2\/posts\/13935","targetHints":{"allow":["GET"]}}],"collection":[{"href":"https:\/\/cidadebaixaonline.com.br\/index.php\/wp-json\/wp\/v2\/posts"}],"about":[{"href":"https:\/\/cidadebaixaonline.com.br\/index.php\/wp-json\/wp\/v2\/types\/post"}],"author":[{"embeddable":true,"href":"https:\/\/cidadebaixaonline.com.br\/index.php\/wp-json\/wp\/v2\/users\/1"}],"replies":[{"embeddable":true,"href":"https:\/\/cidadebaixaonline.com.br\/index.php\/wp-json\/wp\/v2\/comments?post=13935"}],"version-history":[{"count":1,"href":"https:\/\/cidadebaixaonline.com.br\/index.php\/wp-json\/wp\/v2\/posts\/13935\/revisions"}],"predecessor-version":[{"id":13936,"href":"https:\/\/cidadebaixaonline.com.br\/index.php\/wp-json\/wp\/v2\/posts\/13935\/revisions\/13936"}],"wp:featuredmedia":[{"embeddable":true,"href":"https:\/\/cidadebaixaonline.com.br\/index.php\/wp-json\/wp\/v2\/media\/13937"}],"wp:attachment":[{"href":"https:\/\/cidadebaixaonline.com.br\/index.php\/wp-json\/wp\/v2\/media?parent=13935"}],"wp:term":[{"taxonomy":"category","embeddable":true,"href":"https:\/\/cidadebaixaonline.com.br\/index.php\/wp-json\/wp\/v2\/categories?post=13935"},{"taxonomy":"post_tag","embeddable":true,"href":"https:\/\/cidadebaixaonline.com.br\/index.php\/wp-json\/wp\/v2\/tags?post=13935"}],"curies":[{"name":"wp","href":"https:\/\/api.w.org\/{rel}","templated":true}]}}