{"id":13926,"date":"2025-09-29T12:26:20","date_gmt":"2025-09-29T15:26:20","guid":{"rendered":"https:\/\/cidadebaixaonline.com.br\/?p=13926"},"modified":"2025-09-29T12:26:21","modified_gmt":"2025-09-29T15:26:21","slug":"sec-promove-live-para-debater-seguranca-nas-escolas","status":"publish","type":"post","link":"https:\/\/cidadebaixaonline.com.br\/index.php\/2025\/09\/29\/sec-promove-live-para-debater-seguranca-nas-escolas\/","title":{"rendered":"SEC promove live para debater seguran\u00e7a nas escolas"},"content":{"rendered":"<p>A Secretaria da Educa\u00e7\u00e3o do Estado da Bahia (SEC) realiza, nesta ter\u00e7a-feira (30), \u00e0s 16h, uma live sobre seguran\u00e7a nas escolas, no canal do YouTube do Instituto An\u00edsio Teixeira (IAT), atrav\u00e9s do endere\u00e7o: (https:\/\/www.youtube.com\/watch?v=hjgZway9rTI.)<\/p>\n<p>A atividade \u00e9 voltada para funcion\u00e1rios de seguran\u00e7a, porteiros, apoio e t\u00e9cnicos administrativos da rede p\u00fablica estadual de ensino e tem o objetivo de assegurar forma\u00e7\u00e3o no \u00e2mbito da seguran\u00e7a escolar e socializar as a\u00e7\u00f5es da SEC na constru\u00e7\u00e3o coletiva de ambientes educativos seguros.<\/p>\n<p>O tema do evento \u00e9 \u201cEscola, espa\u00e7o de cuidado e prote\u00e7\u00e3o\u201d e visa formar, preparar e instrumentalizar as equipes das unidades escolares com a entrega de protocolos; sistemas de monitoramento; e adapta\u00e7\u00e3o de maquin\u00e1rios de seguran\u00e7a, a exemplo de c\u00e2meras e catracas. A proposta principal \u00e9 construir a cultura da paz por meio de uma configura\u00e7\u00e3o curricular voltada para a forma\u00e7\u00e3o de valores e cidadania.<\/p>\n<p>A programa\u00e7\u00e3o contar\u00e1 com a participa\u00e7\u00e3o da secret\u00e1ria da Educa\u00e7\u00e3o do Estado, Rowenna Brito; da vice-presidente da Comiss\u00e3o de Educa\u00e7\u00e3o Jur\u00eddica da Ordem dos Advogados do Brasil (OAB), Carolina Orrico; que possui vasta experi\u00eancia no campo da media\u00e7\u00e3o de conflitos escolares; e da diretora do IAT, V\u00e2nia Almeida, al\u00e9m da coordenadora do setor de Seguran\u00e7a Escolar da SEC, Margareth Passos.<\/p>\n<p>A SEC garante, ainda, o trabalho articulado com diversos setores sociais na montagem de projetos, oficinas e outras atividades que envolvem n\u00e3o s\u00f3 a comunidade educadora, como tamb\u00e9m o entorno social onde as escolas est\u00e3o localizadas.<\/p>\n","protected":false},"excerpt":{"rendered":"<p>A Secretaria da Educa\u00e7\u00e3o do Estado da Bahia (SEC) realiza, nesta ter\u00e7a-feira (30), \u00e0s 16h, uma live sobre seguran\u00e7a nas escolas, no canal do YouTube do Instituto An\u00edsio Teixeira (IAT), atrav\u00e9s do endere\u00e7o: (https:\/\/www.youtube.com\/watch?v=hjgZway9rTI.) A atividade \u00e9 voltada para funcion\u00e1rios de seguran\u00e7a, porteiros, apoio e t\u00e9cnicos administrativos da rede p\u00fablica estadual de ensino e tem [&hellip;]<\/p>\n","protected":false},"author":1,"featured_media":13928,"comment_status":"open","ping_status":"closed","sticky":false,"template":"","format":"standard","meta":{"jnews-multi-image_gallery":[],"jnews_single_post":[],"jnews_primary_category":[],"footnotes":""},"categories":[85],"tags":[],"class_list":["post-13926","post","type-post","status-publish","format-standard","has-post-thumbnail","hentry","category-noticias"],"_links":{"self":[{"href":"https:\/\/cidadebaixaonline.com.br\/index.php\/wp-json\/wp\/v2\/posts\/13926","targetHints":{"allow":["GET"]}}],"collection":[{"href":"https:\/\/cidadebaixaonline.com.br\/index.php\/wp-json\/wp\/v2\/posts"}],"about":[{"href":"https:\/\/cidadebaixaonline.com.br\/index.php\/wp-json\/wp\/v2\/types\/post"}],"author":[{"embeddable":true,"href":"https:\/\/cidadebaixaonline.com.br\/index.php\/wp-json\/wp\/v2\/users\/1"}],"replies":[{"embeddable":true,"href":"https:\/\/cidadebaixaonline.com.br\/index.php\/wp-json\/wp\/v2\/comments?post=13926"}],"version-history":[{"count":1,"href":"https:\/\/cidadebaixaonline.com.br\/index.php\/wp-json\/wp\/v2\/posts\/13926\/revisions"}],"predecessor-version":[{"id":13927,"href":"https:\/\/cidadebaixaonline.com.br\/index.php\/wp-json\/wp\/v2\/posts\/13926\/revisions\/13927"}],"wp:featuredmedia":[{"embeddable":true,"href":"https:\/\/cidadebaixaonline.com.br\/index.php\/wp-json\/wp\/v2\/media\/13928"}],"wp:attachment":[{"href":"https:\/\/cidadebaixaonline.com.br\/index.php\/wp-json\/wp\/v2\/media?parent=13926"}],"wp:term":[{"taxonomy":"category","embeddable":true,"href":"https:\/\/cidadebaixaonline.com.br\/index.php\/wp-json\/wp\/v2\/categories?post=13926"},{"taxonomy":"post_tag","embeddable":true,"href":"https:\/\/cidadebaixaonline.com.br\/index.php\/wp-json\/wp\/v2\/tags?post=13926"}],"curies":[{"name":"wp","href":"https:\/\/api.w.org\/{rel}","templated":true}]}}