{"id":13923,"date":"2025-09-29T12:09:23","date_gmt":"2025-09-29T15:09:23","guid":{"rendered":"https:\/\/cidadebaixaonline.com.br\/?p=13923"},"modified":"2025-09-29T12:09:23","modified_gmt":"2025-09-29T15:09:23","slug":"maioria-dos-trens-do-vlt-tera-as-cores-da-bandeira-da-bahia","status":"publish","type":"post","link":"https:\/\/cidadebaixaonline.com.br\/index.php\/2025\/09\/29\/maioria-dos-trens-do-vlt-tera-as-cores-da-bandeira-da-bahia\/","title":{"rendered":"Maioria dos trens do VLT ter\u00e1 as cores da bandeira da Bahia"},"content":{"rendered":"<div class=\"conteudo_post\">\n<div class=\"conteudo_post\">\n<p>O\u00a0<strong>bahia.ba<\/strong>\u00a0teve acesso a documentos internos da Companhia de Transportes do Estado da Bahia (CTB) e conseguiu verificar que a maioria dos trens do VLT de Salvador ter\u00e1 pintura base prateada, com faixas nas cores da bandeira do estado.<\/p>\n<p>Apenas o primeiro trem a chegar ter\u00e1 v\u00e1rias cores \u2014 laranja, rosa, azul e verde \u2014, com desenhos que homenageiam o Sub\u00farbio Ferrovi\u00e1rio de Salvador. O restante vai seguir o prata, azul, vermelho e branco que j\u00e1 est\u00e3o nos trens do metr\u00f4 da capital e tamb\u00e9m estar\u00e3o nos vag\u00f5es do VLT.<\/p>\n<p>Neste momento, os 280 vag\u00f5es do VLT, que far\u00e3o a composi\u00e7\u00e3o de 40 trens, est\u00e3o passando por manuten\u00e7\u00e3o e pintura na f\u00e1brica da empresa espanhola CAF, em Hortol\u00e2ndia-SP. O primeiro trem, com v\u00e1rias cores, j\u00e1 est\u00e1 pronto e foi apresentado \u00e0 imprensa no dia 10 de setembro.<\/p>\n<p>A tend\u00eancia \u00e9 que o segundo trem, com base prata e faixas em azul, vermelho e branco, fique pronto em breve e seja enviado para Salvador junto ao primeiro, no dia 5 de dezembro. Os testes est\u00e3o programados para iniciar cinco dias depois, 10 de dezembro.<\/p>\n<p>O modal, j\u00e1 em constru\u00e7\u00e3o pelo governo do estado, ter\u00e1 40 km divididos nos seguintes trechos: do Com\u00e9rcio \u00e0 Cal\u00e7ada; da Cal\u00e7ada \u00e0 Ilha de S\u00e3o Jo\u00e3o; de Paripe a \u00c1guas Claras; e de \u00c1guas Claras a Piat\u00e3.<\/p>\n<p>A expectativa \u00e9 que um tra\u00e7ado inicial de 4 km, entre a Cal\u00e7ada e o Lobato, seja inaugurado at\u00e9 julho de 2026, operando de maneira assistida, gratuita, para a popula\u00e7\u00e3o.<\/p>\n<\/div>\n<div class=\"ui items\">\n<div class=\"item\"><\/div>\n<\/div>\n<\/div>\n","protected":false},"excerpt":{"rendered":"<p>O\u00a0bahia.ba\u00a0teve acesso a documentos internos da Companhia de Transportes do Estado da Bahia (CTB) e conseguiu verificar que a maioria dos trens do VLT de Salvador ter\u00e1 pintura base prateada, com faixas nas cores da bandeira do estado. Apenas o primeiro trem a chegar ter\u00e1 v\u00e1rias cores \u2014 laranja, rosa, azul e verde \u2014, com [&hellip;]<\/p>\n","protected":false},"author":1,"featured_media":13925,"comment_status":"open","ping_status":"closed","sticky":false,"template":"","format":"standard","meta":{"jnews-multi-image_gallery":[],"jnews_single_post":[],"jnews_primary_category":[],"footnotes":""},"categories":[238],"tags":[],"class_list":["post-13923","post","type-post","status-publish","format-standard","has-post-thumbnail","hentry","category-vlt"],"_links":{"self":[{"href":"https:\/\/cidadebaixaonline.com.br\/index.php\/wp-json\/wp\/v2\/posts\/13923","targetHints":{"allow":["GET"]}}],"collection":[{"href":"https:\/\/cidadebaixaonline.com.br\/index.php\/wp-json\/wp\/v2\/posts"}],"about":[{"href":"https:\/\/cidadebaixaonline.com.br\/index.php\/wp-json\/wp\/v2\/types\/post"}],"author":[{"embeddable":true,"href":"https:\/\/cidadebaixaonline.com.br\/index.php\/wp-json\/wp\/v2\/users\/1"}],"replies":[{"embeddable":true,"href":"https:\/\/cidadebaixaonline.com.br\/index.php\/wp-json\/wp\/v2\/comments?post=13923"}],"version-history":[{"count":1,"href":"https:\/\/cidadebaixaonline.com.br\/index.php\/wp-json\/wp\/v2\/posts\/13923\/revisions"}],"predecessor-version":[{"id":13924,"href":"https:\/\/cidadebaixaonline.com.br\/index.php\/wp-json\/wp\/v2\/posts\/13923\/revisions\/13924"}],"wp:featuredmedia":[{"embeddable":true,"href":"https:\/\/cidadebaixaonline.com.br\/index.php\/wp-json\/wp\/v2\/media\/13925"}],"wp:attachment":[{"href":"https:\/\/cidadebaixaonline.com.br\/index.php\/wp-json\/wp\/v2\/media?parent=13923"}],"wp:term":[{"taxonomy":"category","embeddable":true,"href":"https:\/\/cidadebaixaonline.com.br\/index.php\/wp-json\/wp\/v2\/categories?post=13923"},{"taxonomy":"post_tag","embeddable":true,"href":"https:\/\/cidadebaixaonline.com.br\/index.php\/wp-json\/wp\/v2\/tags?post=13923"}],"curies":[{"name":"wp","href":"https:\/\/api.w.org\/{rel}","templated":true}]}}