{"id":13908,"date":"2025-09-24T12:07:12","date_gmt":"2025-09-24T15:07:12","guid":{"rendered":"https:\/\/cidadebaixaonline.com.br\/?p=13908"},"modified":"2025-09-24T12:07:12","modified_gmt":"2025-09-24T15:07:12","slug":"governo-jeronimo-quer-requalificacao-de-r-62-milhoes-na-ilha-de-itaparica","status":"publish","type":"post","link":"https:\/\/cidadebaixaonline.com.br\/index.php\/2025\/09\/24\/governo-jeronimo-quer-requalificacao-de-r-62-milhoes-na-ilha-de-itaparica\/","title":{"rendered":"Governo Jer\u00f4nimo quer requalifica\u00e7\u00e3o de R$ 6,2 milh\u00f5es na Ilha de Itaparica"},"content":{"rendered":"<p>A Companhia de Desenvolvimento Urbano do Estado da Bahia (Conder) publicou no Di\u00e1rio Oficial do Estado (DOE) do \u00faltimo s\u00e1bado (20) a licita\u00e7\u00e3o para contratar a empresa respons\u00e1vel pela execu\u00e7\u00e3o de obras de requalifica\u00e7\u00e3o urbana no munic\u00edpio de Itaparica, na ilha de mesmo nome.<\/p>\n<p>O projeto prev\u00ea a recupera\u00e7\u00e3o de vias no Bairro Brasileirinho e a segunda etapa da requalifica\u00e7\u00e3o da orla de Ponta de Areia, uma das principais praias da ilha, com investimentos previstos de R$ 6,2 milh\u00f5es e um prazo de execu\u00e7\u00e3o de 10 meses \u2014 portanto, sendo conclu\u00edda no segundo semestre de 2026.<\/p>\n<p>Na segunda etapa das obras de requalifica\u00e7\u00e3o da orla de Ponta de Areia, ser\u00e3o implantados 6,3 mil m\u00b2 de pavimenta\u00e7\u00e3o em piso intertravado e 2,4 mil m\u00b2 de passeios em concreto \u2014 em substitui\u00e7\u00e3o \u00e0s tradicionais pedras portuguesas \u2014 , somando um conjunto de melhorias que inclui ciclovia, ilumina\u00e7\u00e3o, drenagem, conten\u00e7\u00e3o em alvenaria de pedra, sinaliza\u00e7\u00e3o e paisagismo.<\/p>\n<p>J\u00e1 no Bairro Brasileirinho, ser\u00e3o recuperados cerca de 2,9 mil m\u00b2 de pavimenta\u00e7\u00e3o em paralelep\u00edpedo, com 1,8 mil m\u00b2 de passeios em concreto dotados de rampas de acessibilidade e piso t\u00e1til, al\u00e9m de servi\u00e7os de drenagem e sinaliza\u00e7\u00e3o.<\/p>\n<p>De acordo com o governo do estado, al\u00e9m de modernizar a infraestrutura urbana, o projeto vai garantir mais mobilidade, acessibilidade e valoriza\u00e7\u00e3o de uma das \u00e1reas mais visitadas da Ilha de Itaparica, beneficiando moradores e turistas.<\/p>\n","protected":false},"excerpt":{"rendered":"<p>A Companhia de Desenvolvimento Urbano do Estado da Bahia (Conder) publicou no Di\u00e1rio Oficial do Estado (DOE) do \u00faltimo s\u00e1bado (20) a licita\u00e7\u00e3o para contratar a empresa respons\u00e1vel pela execu\u00e7\u00e3o de obras de requalifica\u00e7\u00e3o urbana no munic\u00edpio de Itaparica, na ilha de mesmo nome. O projeto prev\u00ea a recupera\u00e7\u00e3o de vias no Bairro Brasileirinho e [&hellip;]<\/p>\n","protected":false},"author":1,"featured_media":13910,"comment_status":"open","ping_status":"closed","sticky":false,"template":"","format":"standard","meta":{"jnews-multi-image_gallery":[],"jnews_single_post":[],"jnews_primary_category":[],"footnotes":""},"categories":[260],"tags":[],"class_list":["post-13908","post","type-post","status-publish","format-standard","has-post-thumbnail","hentry","category-governo-do-estado"],"_links":{"self":[{"href":"https:\/\/cidadebaixaonline.com.br\/index.php\/wp-json\/wp\/v2\/posts\/13908","targetHints":{"allow":["GET"]}}],"collection":[{"href":"https:\/\/cidadebaixaonline.com.br\/index.php\/wp-json\/wp\/v2\/posts"}],"about":[{"href":"https:\/\/cidadebaixaonline.com.br\/index.php\/wp-json\/wp\/v2\/types\/post"}],"author":[{"embeddable":true,"href":"https:\/\/cidadebaixaonline.com.br\/index.php\/wp-json\/wp\/v2\/users\/1"}],"replies":[{"embeddable":true,"href":"https:\/\/cidadebaixaonline.com.br\/index.php\/wp-json\/wp\/v2\/comments?post=13908"}],"version-history":[{"count":1,"href":"https:\/\/cidadebaixaonline.com.br\/index.php\/wp-json\/wp\/v2\/posts\/13908\/revisions"}],"predecessor-version":[{"id":13909,"href":"https:\/\/cidadebaixaonline.com.br\/index.php\/wp-json\/wp\/v2\/posts\/13908\/revisions\/13909"}],"wp:featuredmedia":[{"embeddable":true,"href":"https:\/\/cidadebaixaonline.com.br\/index.php\/wp-json\/wp\/v2\/media\/13910"}],"wp:attachment":[{"href":"https:\/\/cidadebaixaonline.com.br\/index.php\/wp-json\/wp\/v2\/media?parent=13908"}],"wp:term":[{"taxonomy":"category","embeddable":true,"href":"https:\/\/cidadebaixaonline.com.br\/index.php\/wp-json\/wp\/v2\/categories?post=13908"},{"taxonomy":"post_tag","embeddable":true,"href":"https:\/\/cidadebaixaonline.com.br\/index.php\/wp-json\/wp\/v2\/tags?post=13908"}],"curies":[{"name":"wp","href":"https:\/\/api.w.org\/{rel}","templated":true}]}}