{"id":13905,"date":"2025-09-24T12:02:41","date_gmt":"2025-09-24T15:02:41","guid":{"rendered":"https:\/\/cidadebaixaonline.com.br\/?p=13905"},"modified":"2025-09-24T12:02:41","modified_gmt":"2025-09-24T15:02:41","slug":"mulheres-motoristas-do-brt-de-salvador-disputam-premio-de-mobilidade-urbana","status":"publish","type":"post","link":"https:\/\/cidadebaixaonline.com.br\/index.php\/2025\/09\/24\/mulheres-motoristas-do-brt-de-salvador-disputam-premio-de-mobilidade-urbana\/","title":{"rendered":"Mulheres motoristas do BRT de Salvador disputam pr\u00eamio de mobilidade urbana"},"content":{"rendered":"<div class=\"conteudo_post\">\n<p>As mulheres motoristas do BRT de Salvador est\u00e3o concorrendo ao pr\u00eamio Parque da Mobilidade Urbana 2025, que ser\u00e1 realizado nesta quinta-feira (25). A capital baiana disputa com as cidades de Itabirito (MG) e Recife (PE) na categoria Iniciativas P\u00fablicas que Inovam e Transformam, com o projeto Mulheres no Volante, uma iniciativa das secretarias municipais de Mobilidade (Semob) e de Pol\u00edticas para Mulheres, Inf\u00e2ncia e Juventude (SPMJ), que visa ampliar a participa\u00e7\u00e3o feminina em segmentos tradicionalmente masculinos do Sistema de Transporte Coletivo por \u00d4nibus.<\/p>\n<p>\u201cParticipar de mais uma premia\u00e7\u00e3o com o projeto Mulheres no Volante, que \u00e9 uma a\u00e7\u00e3o integrada com v\u00e1rias secretarias, mostra o quanto estamos diversificando a forma de fazer pol\u00edtica de g\u00eanero e inserindo cada vez mais mulheres no mercado de trabalho em \u00e1reas historicamente ocupadas por homens. O projeto traz fortalecimento, empoderamento e autoestima \u00e0s mulheres, mostrando que \u00e9 poss\u00edvel ocupar todos os espa\u00e7os com compet\u00eancia e aten\u00e7\u00e3o \u2014 e que isso \u00e9, sim, uma pol\u00edtica p\u00fablica de transforma\u00e7\u00e3o social\u201d, afirma a titular da SPMJ, Fernanda Lordelo.<\/p>\n<p>Em mar\u00e7o deste ano, a Prefeitura de Salvador venceu o pr\u00eamio SmartCity Expo Curitiba Brazilian Awards 2025, na categoria Equidade Social, tamb\u00e9m com o mesmo projeto. A premia\u00e7\u00e3o reconhece iniciativas inovadoras e sustent\u00e1veis que buscam melhorar a qualidade de vida nas cidades e transformar desafios urbanos em solu\u00e7\u00f5es tecnol\u00f3gicas e sociais.<\/p>\n<p>Segundo o secret\u00e1rio de Mobilidade, Pablo Souza, a pasta tem promovido articula\u00e7\u00f5es para garantir que as mulheres, principais usu\u00e1rias do transporte p\u00fablico de Salvador, tamb\u00e9m possam se beneficiar das oportunidades de empregabilidade e inclus\u00e3o social no sistema.<\/p>\n<p>\u201cPortanto, hoje temos esse projeto, que contribui significativamente para o posicionamento das mulheres nos lugares onde elas querem estar, sem estere\u00f3tipos\u201d, destaca o secret\u00e1rio.<\/p>\n<\/div>\n<div class=\"ui items\">\n<div class=\"item\"><\/div>\n<\/div>\n","protected":false},"excerpt":{"rendered":"<p>As mulheres motoristas do BRT de Salvador est\u00e3o concorrendo ao pr\u00eamio Parque da Mobilidade Urbana 2025, que ser\u00e1 realizado nesta quinta-feira (25). A capital baiana disputa com as cidades de Itabirito (MG) e Recife (PE) na categoria Iniciativas P\u00fablicas que Inovam e Transformam, com o projeto Mulheres no Volante, uma iniciativa das secretarias municipais de [&hellip;]<\/p>\n","protected":false},"author":1,"featured_media":13907,"comment_status":"open","ping_status":"closed","sticky":false,"template":"","format":"standard","meta":{"jnews-multi-image_gallery":[],"jnews_single_post":[],"jnews_primary_category":[],"footnotes":""},"categories":[85],"tags":[],"class_list":["post-13905","post","type-post","status-publish","format-standard","has-post-thumbnail","hentry","category-noticias"],"_links":{"self":[{"href":"https:\/\/cidadebaixaonline.com.br\/index.php\/wp-json\/wp\/v2\/posts\/13905","targetHints":{"allow":["GET"]}}],"collection":[{"href":"https:\/\/cidadebaixaonline.com.br\/index.php\/wp-json\/wp\/v2\/posts"}],"about":[{"href":"https:\/\/cidadebaixaonline.com.br\/index.php\/wp-json\/wp\/v2\/types\/post"}],"author":[{"embeddable":true,"href":"https:\/\/cidadebaixaonline.com.br\/index.php\/wp-json\/wp\/v2\/users\/1"}],"replies":[{"embeddable":true,"href":"https:\/\/cidadebaixaonline.com.br\/index.php\/wp-json\/wp\/v2\/comments?post=13905"}],"version-history":[{"count":1,"href":"https:\/\/cidadebaixaonline.com.br\/index.php\/wp-json\/wp\/v2\/posts\/13905\/revisions"}],"predecessor-version":[{"id":13906,"href":"https:\/\/cidadebaixaonline.com.br\/index.php\/wp-json\/wp\/v2\/posts\/13905\/revisions\/13906"}],"wp:featuredmedia":[{"embeddable":true,"href":"https:\/\/cidadebaixaonline.com.br\/index.php\/wp-json\/wp\/v2\/media\/13907"}],"wp:attachment":[{"href":"https:\/\/cidadebaixaonline.com.br\/index.php\/wp-json\/wp\/v2\/media?parent=13905"}],"wp:term":[{"taxonomy":"category","embeddable":true,"href":"https:\/\/cidadebaixaonline.com.br\/index.php\/wp-json\/wp\/v2\/categories?post=13905"},{"taxonomy":"post_tag","embeddable":true,"href":"https:\/\/cidadebaixaonline.com.br\/index.php\/wp-json\/wp\/v2\/tags?post=13905"}],"curies":[{"name":"wp","href":"https:\/\/api.w.org\/{rel}","templated":true}]}}