{"id":13899,"date":"2025-09-22T19:13:59","date_gmt":"2025-09-22T22:13:59","guid":{"rendered":"https:\/\/cidadebaixaonline.com.br\/?p=13899"},"modified":"2025-09-22T19:14:00","modified_gmt":"2025-09-22T22:14:00","slug":"prefeitura-e-tre-fazem-parceria-para-oferecer-servicos-eleitorais-a-pcd","status":"publish","type":"post","link":"https:\/\/cidadebaixaonline.com.br\/index.php\/2025\/09\/22\/prefeitura-e-tre-fazem-parceria-para-oferecer-servicos-eleitorais-a-pcd\/","title":{"rendered":"Prefeitura e TRE fazem parceria para oferecer servi\u00e7os eleitorais a PCD"},"content":{"rendered":"<p>Teve in\u00edcio nesta segunda-feira (22), com o projeto Todo Voto Importa, a Semana da Inclus\u00e3o e Acessibilidade, uma parceria da Prefeitura de Salvador, por meio da Secretaria Municipal de Promo\u00e7\u00e3o Social, Combate \u00e0 Pobreza, Esportes e Lazer (Sempre), com o Tribunal Regional Eleitoral da Bahia (TRE-BA). A iniciativa oferece exclusivamente para pessoas com defici\u00eancia (PCD), at\u00e9 sexta-feira (26), a possibilidade de tirar o 1\u00ba t\u00edtulo eleitoral, revisar dados cadastrais eleitorais ou transferir o local de vota\u00e7\u00e3o.<\/p>\n<p>&nbsp;<\/p>\n<p>Segundo o TRE, a Bahia tem 76 mil pessoas com defici\u00eancia aptas a votar, das quais 21 mil est\u00e3o em Salvador. A principal condi\u00e7\u00e3o \u00e9 de defici\u00eancia locomotora (22 mil), seguida de visual (14 mil) e auditiva (8 mil). Em todo o estado, 3.983 pessoas com defici\u00eancia t\u00eam dificuldade para exercer o voto, e 1.258 delas enfrentam esse desafio na capital.<\/p>\n<p>&nbsp;<\/p>\n<p>O titular da Sempre, J\u00fanior Magalh\u00e3es, destacou a import\u00e2ncia da a\u00e7\u00e3o para garantir o exerc\u00edcio da democracia. \u201cEssa campanha \u00e9 importante porque possibilita \u00e0s pessoas com defici\u00eancia exercer o seu direito de cidadania. Essas pessoas s\u00e3o importantes no processo democr\u00e1tico e precisam exercer o direito de escolher seus representantes. Vamos fazer o atendimento de segunda \u00e0 sexta-feira, com acessibilidade, int\u00e9rprete em Libras e audiodescritor\u201d, afirmou.<\/p>\n<p>&nbsp;<\/p>\n<p>Os servi\u00e7os estar\u00e3o dispon\u00edveis na sede da secretaria municipal, no pr\u00f3prio TRE e na Associa\u00e7\u00e3o de Pais e Amigos dos Excepcionais (Apae) de S\u00e3o Joaquim (confira abaixo os dias e hor\u00e1rios). \u00c9 primeira vez que a Sempre e o Tribunal Regional Eleitoral fazem esse tipo de parceria.<\/p>\n<p>&nbsp;<\/p>\n<p>O ouvidor geral e presidente da Comiss\u00e3o Permanente de Acessibilidade e Inclus\u00e3o do Tribunal, Pedro Rog\u00e9rio Godinho, explicou que o objetivo \u00e9 ampliar os servi\u00e7os. \u201cEstamos felizes com a parceria e \u00e0 disposi\u00e7\u00e3o para que esse evento logre sucesso e possa se repetir, al\u00e9m de ampliar a parceria. O secret\u00e1rio se colocou \u00e0 disposi\u00e7\u00e3o para que a gente possa conversar sobre cursos e servi\u00e7os, a exemplo de Libras, que possam ser estendidos ao Tribunal Regional Eleitoral. Agradecemos a disponibilidade do munic\u00edpio para ampliar o acesso para todos aqueles que necessitam\u201d, disse.<\/p>\n<p>&nbsp;<\/p>\n<p>Infraestrutura \u2013 A expectativa da Sempre \u00e9 atender entre 200 e 300 pessoas durante essa semana. A diretora de Pol\u00edticas P\u00fablicas para Pessoas com Defici\u00eancia (DPCD), Daiane Pina, lembrou que a Prefeitura est\u00e1 com uma programa\u00e7\u00e3o especial de eventos para PCD por conta do Setembro Verde e detalhou a estrutura montada para a parceria com o TRE.<\/p>\n<p>&nbsp;<\/p>\n<p>\u201cDurante toda a semana teremos int\u00e9rprete de Libras, audiodescritores e guias de acessibilidade. Temos pessoas com defici\u00eancia na nossa equipe, pessoas com nanismo e temos bancada adaptada. Ent\u00e3o, venham que estamos preparados para receb\u00ea-los\u201d, disse.<\/p>\n<p>&nbsp;<\/p>\n<p>Durante a abertura da a\u00e7\u00e3o nesta segunda, na sede da Sempre, Karla Dayana Rezende, uma jovem com defici\u00eancia auditiva, fez uma apresenta\u00e7\u00e3o musical. \u201cSou surda, mas sou capaz de tocar violino. Muitas pessoas n\u00e3o imaginam ver uma pessoa surda tocando, mas eu sinto a vibra\u00e7\u00e3o do som, e uso aparelho auditivo. Isso me faz sentir a m\u00fasica de um jeito especial\u201d, disse.<\/p>\n<p>&nbsp;<\/p>\n<p>Onde buscar o servi\u00e7o:<\/p>\n<p>&nbsp;<\/p>\n<p>Sede da Secretaria de Promo\u00e7\u00e3o Social, Combate \u00e0 Pobreza, Esporte e Lazer (Sempre), no Com\u00e9rcio, das 9h \u00e0s 16h, de segunda (22) a sexta (26)<\/p>\n<p>&nbsp;<\/p>\n<p>Tribunal Regional Eleitoral da Bahia (TRE-BA), no Centro Administrativo da Bahia (CAB), das 8h \u00e0s 18h, de segunda (22) a sexta (26)<\/p>\n<p>&nbsp;<\/p>\n<p>Apae de S\u00e3o Joaquim \u2013 atendimento somente na ter\u00e7a-feira (23), das 10h \u00e0s 16h<\/p>\n<p>&nbsp;<\/p>\n<p>Documentos necess\u00e1rios:<\/p>\n<p>&nbsp;<\/p>\n<p>Documento oficial com foto e comprovante de resid\u00eancia<\/p>\n<p>&nbsp;<\/p>\n<p>A Carteira Nacional de Habilita\u00e7\u00e3o (CNH) n\u00e3o ser\u00e1 aceita como documento oficial para a 1\u00aa via do t\u00edtulo<\/p>\n<p>&nbsp;<\/p>\n<p>Homens que completam 19 anos at\u00e9 o final deste ano devem levar tamb\u00e9m o certificado de quita\u00e7\u00e3o militar<\/p>\n<p>&nbsp;<\/p>\n<p>Servi\u00e7os oferecidos:<\/p>\n<p>&nbsp;<\/p>\n<p>Alistamento eleitoral (1\u00ba t\u00edtulo)<\/p>\n<p>&nbsp;<\/p>\n<p>Revis\u00e3o de dad<\/p>\n<p>os cadastrais<\/p>\n<p>&nbsp;<\/p>\n<p>Transfer\u00eancia do local de vota\u00e7\u00e3o<\/p>\n<p>&nbsp;<\/p>\n","protected":false},"excerpt":{"rendered":"<p>Teve in\u00edcio nesta segunda-feira (22), com o projeto Todo Voto Importa, a Semana da Inclus\u00e3o e Acessibilidade, uma parceria da Prefeitura de Salvador, por meio da Secretaria Municipal de Promo\u00e7\u00e3o Social, Combate \u00e0 Pobreza, Esportes e Lazer (Sempre), com o Tribunal Regional Eleitoral da Bahia (TRE-BA). A iniciativa oferece exclusivamente para pessoas com defici\u00eancia (PCD), [&hellip;]<\/p>\n","protected":false},"author":1,"featured_media":13901,"comment_status":"open","ping_status":"closed","sticky":false,"template":"","format":"standard","meta":{"jnews-multi-image_gallery":[],"jnews_single_post":[],"jnews_primary_category":[],"footnotes":""},"categories":[85],"tags":[],"class_list":["post-13899","post","type-post","status-publish","format-standard","has-post-thumbnail","hentry","category-noticias"],"_links":{"self":[{"href":"https:\/\/cidadebaixaonline.com.br\/index.php\/wp-json\/wp\/v2\/posts\/13899","targetHints":{"allow":["GET"]}}],"collection":[{"href":"https:\/\/cidadebaixaonline.com.br\/index.php\/wp-json\/wp\/v2\/posts"}],"about":[{"href":"https:\/\/cidadebaixaonline.com.br\/index.php\/wp-json\/wp\/v2\/types\/post"}],"author":[{"embeddable":true,"href":"https:\/\/cidadebaixaonline.com.br\/index.php\/wp-json\/wp\/v2\/users\/1"}],"replies":[{"embeddable":true,"href":"https:\/\/cidadebaixaonline.com.br\/index.php\/wp-json\/wp\/v2\/comments?post=13899"}],"version-history":[{"count":1,"href":"https:\/\/cidadebaixaonline.com.br\/index.php\/wp-json\/wp\/v2\/posts\/13899\/revisions"}],"predecessor-version":[{"id":13900,"href":"https:\/\/cidadebaixaonline.com.br\/index.php\/wp-json\/wp\/v2\/posts\/13899\/revisions\/13900"}],"wp:featuredmedia":[{"embeddable":true,"href":"https:\/\/cidadebaixaonline.com.br\/index.php\/wp-json\/wp\/v2\/media\/13901"}],"wp:attachment":[{"href":"https:\/\/cidadebaixaonline.com.br\/index.php\/wp-json\/wp\/v2\/media?parent=13899"}],"wp:term":[{"taxonomy":"category","embeddable":true,"href":"https:\/\/cidadebaixaonline.com.br\/index.php\/wp-json\/wp\/v2\/categories?post=13899"},{"taxonomy":"post_tag","embeddable":true,"href":"https:\/\/cidadebaixaonline.com.br\/index.php\/wp-json\/wp\/v2\/tags?post=13899"}],"curies":[{"name":"wp","href":"https:\/\/api.w.org\/{rel}","templated":true}]}}