{"id":13878,"date":"2025-09-18T06:32:16","date_gmt":"2025-09-18T09:32:16","guid":{"rendered":"https:\/\/cidadebaixaonline.com.br\/?p=13878"},"modified":"2025-09-18T06:32:17","modified_gmt":"2025-09-18T09:32:17","slug":"jovem-e-preso-apos-matar-companheira-e-dormir-ao-lado-do-corpo","status":"publish","type":"post","link":"https:\/\/cidadebaixaonline.com.br\/index.php\/2025\/09\/18\/jovem-e-preso-apos-matar-companheira-e-dormir-ao-lado-do-corpo\/","title":{"rendered":"Jovem \u00e9 preso ap\u00f3s matar companheira e dormir ao lado do corpo"},"content":{"rendered":"<p><span class=\"cf0\">Um homem foi preso ap\u00f3s matar a companheira a facadas e ser encontrado dormindo ao lado do corpo. O crime ocorreu na manh\u00e3 desta quarta-feira (17), no bairro da Ribeira, na Cidade Baixa, em Salvador.<\/span><\/p>\n<p><span class=\"cf0\">De acordo com a Pol\u00edcia Militar, agentes da 17\u00aa Companhia Independente (CIPM) foram acionados durante a madrugada ap\u00f3s den\u00fancias de vizinhos. O suspeito, identificado como Emerson Santos Ara\u00fajo, de 19 anos, foi detido no local.<\/span><\/p>\n<p><span class=\"cf0\">A v\u00edtima, Bruna Beatriz Farias Sacramento, de 27 anos, apresentava diversos ferimentos causados por arma branca. O corpo foi encaminhado para o Departamento de Pol\u00edcia T\u00e9cnica (DPT). <\/span><\/p>\n<p><span class=\"cf0\">Emerson foi levado ao Departamento de Homic\u00eddios e Prote\u00e7\u00e3o \u00e0 Pessoa (DHPP), onde permanece \u00e0 disposi\u00e7\u00e3o da Justi\u00e7a.<\/span><\/p>\n","protected":false},"excerpt":{"rendered":"<p>Um homem foi preso ap\u00f3s matar a companheira a facadas e ser encontrado dormindo ao lado do corpo. O crime ocorreu na manh\u00e3 desta quarta-feira (17), no bairro da Ribeira, na Cidade Baixa, em Salvador. De acordo com a Pol\u00edcia Militar, agentes da 17\u00aa Companhia Independente (CIPM) foram acionados durante a madrugada ap\u00f3s den\u00fancias de [&hellip;]<\/p>\n","protected":false},"author":1,"featured_media":13880,"comment_status":"open","ping_status":"closed","sticky":false,"template":"","format":"standard","meta":{"jnews-multi-image_gallery":[],"jnews_single_post":[],"jnews_primary_category":[],"footnotes":""},"categories":[257],"tags":[],"class_list":["post-13878","post","type-post","status-publish","format-standard","has-post-thumbnail","hentry","category-feminicidio"],"_links":{"self":[{"href":"https:\/\/cidadebaixaonline.com.br\/index.php\/wp-json\/wp\/v2\/posts\/13878","targetHints":{"allow":["GET"]}}],"collection":[{"href":"https:\/\/cidadebaixaonline.com.br\/index.php\/wp-json\/wp\/v2\/posts"}],"about":[{"href":"https:\/\/cidadebaixaonline.com.br\/index.php\/wp-json\/wp\/v2\/types\/post"}],"author":[{"embeddable":true,"href":"https:\/\/cidadebaixaonline.com.br\/index.php\/wp-json\/wp\/v2\/users\/1"}],"replies":[{"embeddable":true,"href":"https:\/\/cidadebaixaonline.com.br\/index.php\/wp-json\/wp\/v2\/comments?post=13878"}],"version-history":[{"count":1,"href":"https:\/\/cidadebaixaonline.com.br\/index.php\/wp-json\/wp\/v2\/posts\/13878\/revisions"}],"predecessor-version":[{"id":13879,"href":"https:\/\/cidadebaixaonline.com.br\/index.php\/wp-json\/wp\/v2\/posts\/13878\/revisions\/13879"}],"wp:featuredmedia":[{"embeddable":true,"href":"https:\/\/cidadebaixaonline.com.br\/index.php\/wp-json\/wp\/v2\/media\/13880"}],"wp:attachment":[{"href":"https:\/\/cidadebaixaonline.com.br\/index.php\/wp-json\/wp\/v2\/media?parent=13878"}],"wp:term":[{"taxonomy":"category","embeddable":true,"href":"https:\/\/cidadebaixaonline.com.br\/index.php\/wp-json\/wp\/v2\/categories?post=13878"},{"taxonomy":"post_tag","embeddable":true,"href":"https:\/\/cidadebaixaonline.com.br\/index.php\/wp-json\/wp\/v2\/tags?post=13878"}],"curies":[{"name":"wp","href":"https:\/\/api.w.org\/{rel}","templated":true}]}}