{"id":13869,"date":"2025-09-17T12:53:32","date_gmt":"2025-09-17T15:53:32","guid":{"rendered":"https:\/\/cidadebaixaonline.com.br\/?p=13869"},"modified":"2025-09-17T12:53:32","modified_gmt":"2025-09-17T15:53:32","slug":"tunel-de-pedestres-do-comercio-depende-de-novos-recursos-da-uniao-diz-secretario","status":"publish","type":"post","link":"https:\/\/cidadebaixaonline.com.br\/index.php\/2025\/09\/17\/tunel-de-pedestres-do-comercio-depende-de-novos-recursos-da-uniao-diz-secretario\/","title":{"rendered":"T\u00fanel de pedestres do Com\u00e9rcio depende de novos recursos da Uni\u00e3o, diz secret\u00e1rio"},"content":{"rendered":"<div class=\"conteudo_post\">\n<p>O secret\u00e1rio municipal de Infraestrutura e Obras P\u00fablica (Seinfra), Luiz Carlos Souza, afirmou nesta quarta-feira (17) que o projeto do t\u00fanel subterr\u00e2neo de pedestres que ligar\u00e1 o Campo da P\u00f3lvora ao Com\u00e9rcio est\u00e1 em \u201cstand-by\u201d por conta de um reposicionamento de recursos promovido pela Prefeitura de Salvador, que redirecionou os montantes originalmente designados ao T\u00fanel para o projeto do Telef\u00e9rico do Sub\u00farbio.<\/p>\n<p>\u201cO projeto executivo est\u00e1 pronto, est\u00e1 em condi\u00e7\u00f5es de ser iniciado, mas o recurso que a Prefeitura tinha previsto para l\u00e1 foi consumido ali no Telef\u00e9rico, ent\u00e3o o T\u00fanel ficou de stand-by\u201d, contou o titular da pasta ao <strong>bahia.ba<\/strong>.<\/p>\n<p>\u201cO governo Federal aprovou um recurso pelo PAC, de 480 milh\u00f5es, s\u00f3 que na modalidade de empr\u00e9stimo. A gente n\u00e3o quer mais pegar empr\u00e9stimo, a gente quer que eles contribuam com os recurso da Uni\u00e3o, porque isso melhora a cidade e a mobilidade\u201d, detalhou Souza, citando as verbas disponibilizadas pelo governo Lula, por meio do Novo PAC Sele\u00e7\u00f5es, para as obras do T\u00fanel e tamb\u00e9m do VLT do Sub\u00farbio.<\/p>\n<p>O secret\u00e1rio ainda reiterou que o avan\u00e7o do projeto depende da disponibiliza\u00e7\u00e3o de novos recursos pelo governo Federal. \u201cO projeto t\u00e1 pronto, mas n\u00e3o tem o dinheiro para fazer. Se o governo Federal disponibilizar o recurso pela AGU, n\u00f3s vamos executar, se n\u00e3o vai ficar de \u2018stand-by\u2019\u201d<\/p>\n<p>As declara\u00e7\u00f5es foram feitas pelo secret\u00e1rio em entrevista durante a entrega de uma liga\u00e7\u00e3o vi\u00e1ria entre as avenidas Barros Reis e Bonoc\u00f4, em Salvador.<\/p>\n<\/div>\n<div id=\"div-share\"><\/div>\n","protected":false},"excerpt":{"rendered":"<p>O secret\u00e1rio municipal de Infraestrutura e Obras P\u00fablica (Seinfra), Luiz Carlos Souza, afirmou nesta quarta-feira (17) que o projeto do t\u00fanel subterr\u00e2neo de pedestres que ligar\u00e1 o Campo da P\u00f3lvora ao Com\u00e9rcio est\u00e1 em \u201cstand-by\u201d por conta de um reposicionamento de recursos promovido pela Prefeitura de Salvador, que redirecionou os montantes originalmente designados ao T\u00fanel [&hellip;]<\/p>\n","protected":false},"author":1,"featured_media":13871,"comment_status":"open","ping_status":"closed","sticky":false,"template":"","format":"standard","meta":{"jnews-multi-image_gallery":[],"jnews_single_post":[],"jnews_primary_category":[],"footnotes":""},"categories":[85],"tags":[],"class_list":["post-13869","post","type-post","status-publish","format-standard","has-post-thumbnail","hentry","category-noticias"],"_links":{"self":[{"href":"https:\/\/cidadebaixaonline.com.br\/index.php\/wp-json\/wp\/v2\/posts\/13869","targetHints":{"allow":["GET"]}}],"collection":[{"href":"https:\/\/cidadebaixaonline.com.br\/index.php\/wp-json\/wp\/v2\/posts"}],"about":[{"href":"https:\/\/cidadebaixaonline.com.br\/index.php\/wp-json\/wp\/v2\/types\/post"}],"author":[{"embeddable":true,"href":"https:\/\/cidadebaixaonline.com.br\/index.php\/wp-json\/wp\/v2\/users\/1"}],"replies":[{"embeddable":true,"href":"https:\/\/cidadebaixaonline.com.br\/index.php\/wp-json\/wp\/v2\/comments?post=13869"}],"version-history":[{"count":1,"href":"https:\/\/cidadebaixaonline.com.br\/index.php\/wp-json\/wp\/v2\/posts\/13869\/revisions"}],"predecessor-version":[{"id":13870,"href":"https:\/\/cidadebaixaonline.com.br\/index.php\/wp-json\/wp\/v2\/posts\/13869\/revisions\/13870"}],"wp:featuredmedia":[{"embeddable":true,"href":"https:\/\/cidadebaixaonline.com.br\/index.php\/wp-json\/wp\/v2\/media\/13871"}],"wp:attachment":[{"href":"https:\/\/cidadebaixaonline.com.br\/index.php\/wp-json\/wp\/v2\/media?parent=13869"}],"wp:term":[{"taxonomy":"category","embeddable":true,"href":"https:\/\/cidadebaixaonline.com.br\/index.php\/wp-json\/wp\/v2\/categories?post=13869"},{"taxonomy":"post_tag","embeddable":true,"href":"https:\/\/cidadebaixaonline.com.br\/index.php\/wp-json\/wp\/v2\/tags?post=13869"}],"curies":[{"name":"wp","href":"https:\/\/api.w.org\/{rel}","templated":true}]}}