{"id":13852,"date":"2025-09-15T22:51:57","date_gmt":"2025-09-16T01:51:57","guid":{"rendered":"https:\/\/cidadebaixaonline.com.br\/?p=13852"},"modified":"2025-09-15T22:51:59","modified_gmt":"2025-09-16T01:51:59","slug":"empreender-para-transformar-tera-programacao-com-servicos-do-sac-do-empreendedor","status":"publish","type":"post","link":"https:\/\/cidadebaixaonline.com.br\/index.php\/2025\/09\/15\/empreender-para-transformar-tera-programacao-com-servicos-do-sac-do-empreendedor\/","title":{"rendered":"Empreender para Transformar ter\u00e1 programa\u00e7\u00e3o com servi\u00e7os do SAC do Empreendedor"},"content":{"rendered":"<p>A Prefeitura de Salvador, por meio da Secretaria Municipal de Desenvolvimento Econ\u00f4mico, Emprego e Renda (Semdec), realiza entre quinta-feira (18) e s\u00e1bado (20), na loja Ferreira Costa dos Barris, o projeto Empreender para Transformar. Com foco na capacita\u00e7\u00e3o e orienta\u00e7\u00e3o para microempreendedores individuais (MEIs) e iniciantes que desejam montar o pr\u00f3prio neg\u00f3cio, a iniciativa \u00e9 uma parceria da gest\u00e3o municipal com o Banco do Nordeste e a Ferreira Costa. A entrada \u00e9 gratuita.<\/p>\n<div class=\"google-auto-placed\"><ins class=\"adsbygoogle adsbygoogle-noablate\" data-ad-format=\"auto\" data-ad-client=\"ca-pub-0629312231703893\" data-adsbygoogle-status=\"done\" data-ad-status=\"unfilled\"><\/p>\n<div id=\"aswift_7_host\">O Empreender para Transformar possibilita um ambiente de conex\u00f5es, a partir da oferta de uma s\u00e9rie de servi\u00e7os e oportunidades, atrav\u00e9s de cursos de capacita\u00e7\u00e3o, orienta\u00e7\u00e3o t\u00e9cnica e acesso a linhas de cr\u00e9dito.<\/div>\n<p><\/ins><\/div>\n<p>Para a diretora de Neg\u00f3cios Afro e Empreendedorismo da Semdec, Maylla Pita, o projeto reflete o compromisso do poder p\u00fablico municipal em apoiar o ecossistema empreendedor, alcan\u00e7ando toda a cadeia produtiva. \u201cA economia local \u00e9 impulsionada pelo trabalho de empreendedores formais e informais, que geram emprego, renda e movimentam a economia de bairros e diferentes territ\u00f3rios da cidade. Neste sentido, viabilizar espa\u00e7os de comercializa\u00e7\u00e3o, aperfei\u00e7oamento t\u00e9cnico, de visibilidade e de acesso a servi\u00e7os \u00e9 fundamental para fortalecer esses atores econ\u00f4micos, promover inclus\u00e3o produtiva e reduzir desigualdades\u201d, explica.<\/p>\n<p>Durante os tr\u00eas dias de evento, os participantes ter\u00e3o \u00e0 disposi\u00e7\u00e3o, no local, servi\u00e7os do SAC do Empreendedor, com a\u00e7\u00f5es de formaliza\u00e7\u00e3o, baixa e impress\u00e3o de DAS, regulariza\u00e7\u00e3o e emiss\u00e3o de CNPJ; consultoria cont\u00e1bil gratuita, com atendimento especializado para orienta\u00e7\u00e3o em gest\u00e3o e regulariza\u00e7\u00e3o; e atendimento jur\u00eddico, auxiliando nas principais d\u00favidas e quest\u00f5es legais dos empreendedores.<\/p>\n<div class=\"google-auto-placed\"><ins class=\"adsbygoogle adsbygoogle-noablate\" data-ad-format=\"auto\" data-ad-client=\"ca-pub-0629312231703893\" data-adsbygoogle-status=\"done\" data-ad-status=\"filled\"><\/p>\n<div id=\"aswift_10_host\">Designers estar\u00e3o \u00e0 disposi\u00e7\u00e3o do p\u00fablico para a cria\u00e7\u00e3o de logomarcas, fortalecendo a identidade visual dos pequenos neg\u00f3cios, e agentes de empreendedorismo realizar\u00e3o servi\u00e7os de mentoria, para apoio em estrat\u00e9gias de crescimento e inova\u00e7\u00e3o.<\/div>\n<p><\/ins><\/div>\n<p><strong>Parcerias\u00a0<\/strong>&#8211; Junto com a Escola de Administra\u00e7\u00e3o, o Servi\u00e7o Brasileiro de Apoio \u00e0s Micro e Pequenas Empresas (Sebrae) e outros parceiros estrat\u00e9gicos, o Empreender para Transformar contar\u00e1 com a\u00e7\u00f5es de qualifica\u00e7\u00e3o empreendedora por meio de workshops com participa\u00e7\u00e3o de empresas de consultoria e juniores. Tamb\u00e9m haver\u00e1 servi\u00e7os do Banco do Nordeste, com condi\u00e7\u00f5es especiais de cr\u00e9dito para apoiar novos neg\u00f3cios e impulsionar os j\u00e1 existentes.<\/p>\n<p>O evento ter\u00e1 ainda a participa\u00e7\u00e3o da Diretoria de A\u00e7\u00f5es de Prote\u00e7\u00e3o e Defesa do Consumidor (Codecon), vinculada \u00e0 Secretaria Municipal de Ordem P\u00fablica (Semop), e de outras empresas e institui\u00e7\u00f5es, garantindo uma rede de suporte diversificada.<\/p>\n<div class=\"google-auto-placed\"><ins class=\"adsbygoogle adsbygoogle-noablate\" data-ad-format=\"auto\" data-ad-client=\"ca-pub-0629312231703893\" data-adsbygoogle-status=\"done\" data-ad-status=\"filled\"><\/p>\n<div id=\"aswift_11_host\">\u201c\u00c9 nisso que se apoia esta a\u00e7\u00e3o, que realizaremos ao lado de parceiros estrat\u00e9gicos e dispostos a somar esfor\u00e7os com a Prefeitura para tornar o conjunto de servi\u00e7os do Empreender para Transformar efetivamente, atrativo\u201d, refor\u00e7a Maylla.<\/div>\n<p><\/ins><\/div>\n<p>Segundo<em>\u00a0<\/em>Camilo Mota de Oliveira, s\u00f3cio diretor da Evolue Contabilidade, uma das empresas presentes no evento, o principal objetivo da iniciativa \u00e9 estimular a formaliza\u00e7\u00e3o, fortalecer os pequenos neg\u00f3cios e oferecer ferramentas que permitam aos empreendedores crescer com seguran\u00e7a e sustentabilidade. \u201cAcredito que o Empreender para Transformar \u00e9 uma oportunidade \u00fanica para fortalecer o ecossistema empresarial de Salvador, impulsionando inova\u00e7\u00e3o, gera\u00e7\u00e3o de empregos e a sustentabilidade dos neg\u00f3cios no longo prazo\u201d, pontua.<\/p>\n<p><strong>\u00a0<\/strong><\/p>\n<div class=\"google-auto-placed\"><ins class=\"adsbygoogle adsbygoogle-noablate\" data-ad-format=\"auto\" data-ad-client=\"ca-pub-0629312231703893\" data-adsbygoogle-status=\"done\" data-ad-status=\"filled\"><\/p>\n<div id=\"aswift_9_host\"><strong>Confira a programa\u00e7\u00e3o:<\/strong><\/div>\n<p><\/ins><\/div>\n<p>&nbsp;<\/p>\n<p><strong>Quinta-feira (18\/09)<\/strong><\/p>\n<p>&nbsp;<\/p>\n<p>9h \u2013 Abertura<\/p>\n<p>8h \u00e0s 12h \u2013 Sou Salvador para Trancista (audit\u00f3rio)<\/p>\n<p>9h \u00e0s 17h \u2013 Atendimento SAC do Empreendedor<\/p>\n<p>13h \u00e0s 16h \u2013 Oficina de Bordados<\/p>\n<p>14h \u00e0s 17h \u2013 Workshop Sebrae &#8211; \u201cVoc\u00ea pode ter acesso a cr\u00e9dito e nem sabia. Descubra agora!\u201d &#8211; (Audit\u00f3rio)<\/p>\n<p>16h \u2013 Talkshow: \u201cHist\u00f3rias que Transformam\u201d &#8211; Case empreendedor<\/p>\n<p>18h \u2013 Coffee Break<\/p>\n<p>&nbsp;<\/p>\n<p><strong>Sexta-feira (19\/09)<\/strong><\/p>\n<p><strong>\u00a0<\/strong><\/p>\n<p>9h \u2013 Abertura<\/p>\n<p>9h \u00e0s 17h \u2013 Atendimento SAC do Empreendedor<\/p>\n<p>10h \u00e0s 12h \u2013 Oficina \u2013 \u201cAprenda como utilizar a IA para potencializar seu neg\u00f3cio\u201d<\/p>\n<p>10h \u00e0s 12h\u00a0 \u2013 Talkshow: \u201cOs desafios do Empreendedorismo Feminino\u201d<\/p>\n<p>14h \u00e0s 17h \u2013 Oficinas de tran\u00e7as afro para iniciantes<\/p>\n<p>17h \u2013 Show com Renan Pinheiro<\/p>\n<p>&nbsp;<\/p>\n<p><strong>S\u00e1bado<\/strong>\u00a0(<strong>20\/09)<\/strong><\/p>\n<p>&nbsp;<\/p>\n<p>9h \u2013 Abertura<\/p>\n<p>10h \u00e0s 12h \u2013 Palestra &#8211; \u201cPosicionamento digital: o que \u00e9, porque importa e como come\u00e7ar o seu\u201d<\/p>\n<p>14h \u00e0s 16h \u2013 Conta\u00e7\u00e3o de Hist\u00f3ria<\/p>\n","protected":false},"excerpt":{"rendered":"<p>A Prefeitura de Salvador, por meio da Secretaria Municipal de Desenvolvimento Econ\u00f4mico, Emprego e Renda (Semdec), realiza entre quinta-feira (18) e s\u00e1bado (20), na loja Ferreira Costa dos Barris, o projeto Empreender para Transformar. Com foco na capacita\u00e7\u00e3o e orienta\u00e7\u00e3o para microempreendedores individuais (MEIs) e iniciantes que desejam montar o pr\u00f3prio neg\u00f3cio, a iniciativa \u00e9 [&hellip;]<\/p>\n","protected":false},"author":1,"featured_media":13854,"comment_status":"open","ping_status":"closed","sticky":false,"template":"","format":"standard","meta":{"jnews-multi-image_gallery":[],"jnews_single_post":[],"jnews_primary_category":[],"footnotes":""},"categories":[85],"tags":[],"class_list":["post-13852","post","type-post","status-publish","format-standard","has-post-thumbnail","hentry","category-noticias"],"_links":{"self":[{"href":"https:\/\/cidadebaixaonline.com.br\/index.php\/wp-json\/wp\/v2\/posts\/13852","targetHints":{"allow":["GET"]}}],"collection":[{"href":"https:\/\/cidadebaixaonline.com.br\/index.php\/wp-json\/wp\/v2\/posts"}],"about":[{"href":"https:\/\/cidadebaixaonline.com.br\/index.php\/wp-json\/wp\/v2\/types\/post"}],"author":[{"embeddable":true,"href":"https:\/\/cidadebaixaonline.com.br\/index.php\/wp-json\/wp\/v2\/users\/1"}],"replies":[{"embeddable":true,"href":"https:\/\/cidadebaixaonline.com.br\/index.php\/wp-json\/wp\/v2\/comments?post=13852"}],"version-history":[{"count":1,"href":"https:\/\/cidadebaixaonline.com.br\/index.php\/wp-json\/wp\/v2\/posts\/13852\/revisions"}],"predecessor-version":[{"id":13853,"href":"https:\/\/cidadebaixaonline.com.br\/index.php\/wp-json\/wp\/v2\/posts\/13852\/revisions\/13853"}],"wp:featuredmedia":[{"embeddable":true,"href":"https:\/\/cidadebaixaonline.com.br\/index.php\/wp-json\/wp\/v2\/media\/13854"}],"wp:attachment":[{"href":"https:\/\/cidadebaixaonline.com.br\/index.php\/wp-json\/wp\/v2\/media?parent=13852"}],"wp:term":[{"taxonomy":"category","embeddable":true,"href":"https:\/\/cidadebaixaonline.com.br\/index.php\/wp-json\/wp\/v2\/categories?post=13852"},{"taxonomy":"post_tag","embeddable":true,"href":"https:\/\/cidadebaixaonline.com.br\/index.php\/wp-json\/wp\/v2\/tags?post=13852"}],"curies":[{"name":"wp","href":"https:\/\/api.w.org\/{rel}","templated":true}]}}