{"id":13849,"date":"2025-09-15T22:34:28","date_gmt":"2025-09-16T01:34:28","guid":{"rendered":"https:\/\/cidadebaixaonline.com.br\/?p=13849"},"modified":"2025-09-15T22:34:29","modified_gmt":"2025-09-16T01:34:29","slug":"feira-oferece-vagas-de-emprego-e-mutiroes-juridicos-e-de-saude-em-salvador","status":"publish","type":"post","link":"https:\/\/cidadebaixaonline.com.br\/index.php\/2025\/09\/15\/feira-oferece-vagas-de-emprego-e-mutiroes-juridicos-e-de-saude-em-salvador\/","title":{"rendered":"Feira oferece vagas de emprego e mutir\u00f5es jur\u00eddicos e de sa\u00fade em Salvador"},"content":{"rendered":"<div class=\"conteudo_post\">\n<p>O Grau Educacional Plataforma, em Salvador, realiza mais uma a\u00e7\u00e3o social nesta quarta-feira (17), das 9h \u00e0s 14h, em sua unidade. Trata-se da Feira de Empregabilidade e Empreendedorismo, que oferecer\u00e1 mais de 100 vagas de cadastro em empresas parceiras, al\u00e9m de diversos servi\u00e7os gratuitos para a popula\u00e7\u00e3o. Para participar, os interessados devem levar documentos pessoais, curr\u00edculo (impresso e digital) e comprovante de resid\u00eancia.<\/p>\n<p>A iniciativa tem como objetivo ampliar as oportunidades de inser\u00e7\u00e3o e recoloca\u00e7\u00e3o no mercado de trabalho, reunindo empresas e institui\u00e7\u00f5es como Grow RH, Sicoob, Programa Agente de Empreendedorismo, SAC do Empreendedor, IEL, ISBET, CaptaRH, Projeto Sim, Pronto Afeto, Farm\u00e1cia Destaque, SIMM, V7 Est\u00e1gios, Bahia Est\u00e1gios, TEL, Secretaria de Comunica\u00e7\u00e3o de Salvador, Valverde Consultoria em RH, People2People, Sui Generis, Secretaria de Desenvolvimento Econ\u00f4mico, Emprego e Renda de Salvador, ConnectRH, Desenvolver Treinamento e Consultoria, Head Est\u00e1gios, A3 Est\u00e1gio, RH L\u00edder e o Grupo Parvi.<\/p>\n<p>Al\u00e9m das vagas de emprego e est\u00e1gios, o evento tamb\u00e9m contar\u00e1 com um mutir\u00e3o de sa\u00fade, realizando marca\u00e7\u00e3o de consultas de exame de vista, fundoscopia, tratamento de varizes e glaucoma, mapeamento de retina, inje\u00e7\u00e3o intrav\u00edtrea, eletrocardiograma, sess\u00f5es de terapia ocupacional, massoterapia e fisioterapia, al\u00e9m de consultas com ortopedista, cl\u00ednico geral e pod\u00f3logo. Haver\u00e1 ainda servi\u00e7os relacionados \u00e0 catarata, pter\u00edgio e retina. Para ter acesso ao atendimento de sa\u00fade, \u00e9 necess\u00e1rio apresentar o cart\u00e3o do SUS.<\/p>\n<p>O mutir\u00e3o jur\u00eddico e empreendedor tamb\u00e9m ser\u00e1 destaque da programa\u00e7\u00e3o, oferecendo servi\u00e7os como negocia\u00e7\u00e3o de d\u00edvidas, revis\u00e3o de benef\u00edcios, aux\u00edlio em processos de aposentadoria, aux\u00edlio-doen\u00e7a, sal\u00e1rio-maternidade, BPC\/LOAS, demandas trabalhistas e de direito do consumidor, al\u00e9m de apoio para pescadores e marisqueiras com entrada em seguro-defeso. Nesses servi\u00e7os, ser\u00e1 necess\u00e1rio levar a senha do INSS.<\/p>\n<p>No campo do empreendedorismo, ser\u00e3o oferecidos servi\u00e7os de formaliza\u00e7\u00e3o, altera\u00e7\u00e3o ou baixa de CNPJ, emiss\u00e3o e regulariza\u00e7\u00e3o de documentos como DARF e DAS, op\u00e7\u00e3o de d\u00e9bito autom\u00e1tico, restitui\u00e7\u00e3o, configura\u00e7\u00e3o de nota fiscal e parcelamentos, al\u00e9m de orienta\u00e7\u00f5es gerais para pequenos neg\u00f3cios.<\/p>\n<p>\u201cNosso objetivo \u00e9 aproximar a comunidade de oportunidades reais, seja no mercado de trabalho, no cuidado com a sa\u00fade ou no acesso a direitos. A Feira de Empregabilidade e Empreendedorismo, junto com os mutir\u00f5es de sa\u00fade e jur\u00eddico, refor\u00e7a o compromisso do Grau Educacional Plataforma em transformar vidas por meio da educa\u00e7\u00e3o e da inclus\u00e3o social. Queremos que a popula\u00e7\u00e3o se sinta acolhida e encontre aqui um espa\u00e7o para crescer e se desenvolver.\u201d explica a coordenadora da Ag\u00eancia de Emprego do Grau Educacional Plataforma, Daiely Moreira.<\/p>\n<p><strong>Grau T\u00e9cnico<\/strong><\/p>\n<div>\n<div class=\"trv-player-container\">\n<div class=\"trv-wrapper\">\n<div id=\"br_video_player_b6cb784fcb81d1c96c4e637982708c9dc3c659f9\" class=\"trvd_video_player trvdinstream\">\n<div class=\"media-player\">\n<div class=\"trv-video\">O Grau T\u00e9cnico \u00e9 o carro-chefe do grupo Grau Educacional. Com mais 140 unidades, presente nas cinco regi\u00f5es do pa\u00eds, o Grau Educacional oferece mais de 60 cursos nas \u00e1reas de sa\u00fade, tecnologia, ind\u00fastria, gest\u00e3o e neg\u00f3cios. A dura\u00e7\u00e3o dos cursos varia de tr\u00eas meses a dois anos, com aulas de uma a tr\u00eas vezes na semana. Atualmente o Grau, j\u00e1 possui mais de 200 mil alunos matriculados.<\/div>\n<\/div>\n<\/div>\n<\/div>\n<\/div>\n<\/div>\n<\/div>\n<div id=\"div-share\"><\/div>\n","protected":false},"excerpt":{"rendered":"<p>O Grau Educacional Plataforma, em Salvador, realiza mais uma a\u00e7\u00e3o social nesta quarta-feira (17), das 9h \u00e0s 14h, em sua unidade. Trata-se da Feira de Empregabilidade e Empreendedorismo, que oferecer\u00e1 mais de 100 vagas de cadastro em empresas parceiras, al\u00e9m de diversos servi\u00e7os gratuitos para a popula\u00e7\u00e3o. Para participar, os interessados devem levar documentos pessoais, [&hellip;]<\/p>\n","protected":false},"author":1,"featured_media":13851,"comment_status":"open","ping_status":"closed","sticky":false,"template":"","format":"standard","meta":{"jnews-multi-image_gallery":[],"jnews_single_post":[],"jnews_primary_category":[],"footnotes":""},"categories":[85],"tags":[],"class_list":["post-13849","post","type-post","status-publish","format-standard","has-post-thumbnail","hentry","category-noticias"],"_links":{"self":[{"href":"https:\/\/cidadebaixaonline.com.br\/index.php\/wp-json\/wp\/v2\/posts\/13849","targetHints":{"allow":["GET"]}}],"collection":[{"href":"https:\/\/cidadebaixaonline.com.br\/index.php\/wp-json\/wp\/v2\/posts"}],"about":[{"href":"https:\/\/cidadebaixaonline.com.br\/index.php\/wp-json\/wp\/v2\/types\/post"}],"author":[{"embeddable":true,"href":"https:\/\/cidadebaixaonline.com.br\/index.php\/wp-json\/wp\/v2\/users\/1"}],"replies":[{"embeddable":true,"href":"https:\/\/cidadebaixaonline.com.br\/index.php\/wp-json\/wp\/v2\/comments?post=13849"}],"version-history":[{"count":1,"href":"https:\/\/cidadebaixaonline.com.br\/index.php\/wp-json\/wp\/v2\/posts\/13849\/revisions"}],"predecessor-version":[{"id":13850,"href":"https:\/\/cidadebaixaonline.com.br\/index.php\/wp-json\/wp\/v2\/posts\/13849\/revisions\/13850"}],"wp:featuredmedia":[{"embeddable":true,"href":"https:\/\/cidadebaixaonline.com.br\/index.php\/wp-json\/wp\/v2\/media\/13851"}],"wp:attachment":[{"href":"https:\/\/cidadebaixaonline.com.br\/index.php\/wp-json\/wp\/v2\/media?parent=13849"}],"wp:term":[{"taxonomy":"category","embeddable":true,"href":"https:\/\/cidadebaixaonline.com.br\/index.php\/wp-json\/wp\/v2\/categories?post=13849"},{"taxonomy":"post_tag","embeddable":true,"href":"https:\/\/cidadebaixaonline.com.br\/index.php\/wp-json\/wp\/v2\/tags?post=13849"}],"curies":[{"name":"wp","href":"https:\/\/api.w.org\/{rel}","templated":true}]}}