{"id":13846,"date":"2025-09-15T22:27:55","date_gmt":"2025-09-16T01:27:55","guid":{"rendered":"https:\/\/cidadebaixaonline.com.br\/?p=13846"},"modified":"2025-09-15T22:27:56","modified_gmt":"2025-09-16T01:27:56","slug":"salvador-tera-tempo-estavel-e-chuvas-isoladas-ao-longo-da-semana","status":"publish","type":"post","link":"https:\/\/cidadebaixaonline.com.br\/index.php\/2025\/09\/15\/salvador-tera-tempo-estavel-e-chuvas-isoladas-ao-longo-da-semana\/","title":{"rendered":"Salvador ter\u00e1 tempo est\u00e1vel e chuvas isoladas ao longo da semana"},"content":{"rendered":"<p>A chegada de uma massa de ar quente e seco deve manter o tempo est\u00e1vel nos pr\u00f3ximos dias em Salvador. Segundo a previs\u00e3o, ventos \u00famidos vindos do oceano poder\u00e3o favorecer a forma\u00e7\u00e3o de nuvens e ocorr\u00eancia de chuvas ao longo da semana.<\/p>\n<p>As temperaturas variam entre 20 \u00b0C e 30 \u00b0C, de segunda-feira (15) at\u00e9 sexta-feira (19).\u00a0Na quarta-feira (17), a previs\u00e3o \u00e9 de c\u00e9u aberto, com 30% de chance de chuva, de acordo com a Defesa Civil de Salvador (Codesal).<\/p>\n<p>Ainda segundo a Codesal, na quinta-feira (18) e sexta-feira (19), o tempo deve permanecer nublado a parcialmente nublado, com possibilidade de chuvas moderadas em qualquer hora do dia.<\/p>\n<div>\n<div class=\"trv-player-container\">\n<div class=\"trv-wrapper\">\n<div id=\"br_video_player_164532aeeb7eb9a810ad637982708c9dc3c659f9\" class=\"trvd_video_player trvdinstream\">\n<div class=\"media-player\">\n<div class=\"trv-video\">Para s\u00e1bado (20), a previs\u00e3o indica c\u00e9u nublado a parcialmente nublado, com pancadas de chuva, por vezes moderadas. No domingo (21), o c\u00e9u deve continuar parcialmente nublado. As temperaturas se mant\u00eam est\u00e1veis, variando entre 20 \u00b0C e 30 \u00b0C.<\/div>\n<\/div>\n<\/div>\n<\/div>\n<\/div>\n<\/div>\n","protected":false},"excerpt":{"rendered":"<p>A chegada de uma massa de ar quente e seco deve manter o tempo est\u00e1vel nos pr\u00f3ximos dias em Salvador. Segundo a previs\u00e3o, ventos \u00famidos vindos do oceano poder\u00e3o favorecer a forma\u00e7\u00e3o de nuvens e ocorr\u00eancia de chuvas ao longo da semana. As temperaturas variam entre 20 \u00b0C e 30 \u00b0C, de segunda-feira (15) at\u00e9 [&hellip;]<\/p>\n","protected":false},"author":1,"featured_media":13848,"comment_status":"open","ping_status":"closed","sticky":false,"template":"","format":"standard","meta":{"jnews-multi-image_gallery":[],"jnews_single_post":[],"jnews_primary_category":[],"footnotes":""},"categories":[97],"tags":[],"class_list":["post-13846","post","type-post","status-publish","format-standard","has-post-thumbnail","hentry","category-previsao"],"_links":{"self":[{"href":"https:\/\/cidadebaixaonline.com.br\/index.php\/wp-json\/wp\/v2\/posts\/13846","targetHints":{"allow":["GET"]}}],"collection":[{"href":"https:\/\/cidadebaixaonline.com.br\/index.php\/wp-json\/wp\/v2\/posts"}],"about":[{"href":"https:\/\/cidadebaixaonline.com.br\/index.php\/wp-json\/wp\/v2\/types\/post"}],"author":[{"embeddable":true,"href":"https:\/\/cidadebaixaonline.com.br\/index.php\/wp-json\/wp\/v2\/users\/1"}],"replies":[{"embeddable":true,"href":"https:\/\/cidadebaixaonline.com.br\/index.php\/wp-json\/wp\/v2\/comments?post=13846"}],"version-history":[{"count":1,"href":"https:\/\/cidadebaixaonline.com.br\/index.php\/wp-json\/wp\/v2\/posts\/13846\/revisions"}],"predecessor-version":[{"id":13847,"href":"https:\/\/cidadebaixaonline.com.br\/index.php\/wp-json\/wp\/v2\/posts\/13846\/revisions\/13847"}],"wp:featuredmedia":[{"embeddable":true,"href":"https:\/\/cidadebaixaonline.com.br\/index.php\/wp-json\/wp\/v2\/media\/13848"}],"wp:attachment":[{"href":"https:\/\/cidadebaixaonline.com.br\/index.php\/wp-json\/wp\/v2\/media?parent=13846"}],"wp:term":[{"taxonomy":"category","embeddable":true,"href":"https:\/\/cidadebaixaonline.com.br\/index.php\/wp-json\/wp\/v2\/categories?post=13846"},{"taxonomy":"post_tag","embeddable":true,"href":"https:\/\/cidadebaixaonline.com.br\/index.php\/wp-json\/wp\/v2\/tags?post=13846"}],"curies":[{"name":"wp","href":"https:\/\/api.w.org\/{rel}","templated":true}]}}