{"id":13837,"date":"2025-09-12T10:33:48","date_gmt":"2025-09-12T13:33:48","guid":{"rendered":"https:\/\/cidadebaixaonline.com.br\/?p=13837"},"modified":"2025-09-12T10:33:48","modified_gmt":"2025-09-12T13:33:48","slug":"envolvido-na-morte-de-mae-bernadete-e-preso-em-operacao-nesta-sexta-feira","status":"publish","type":"post","link":"https:\/\/cidadebaixaonline.com.br\/index.php\/2025\/09\/12\/envolvido-na-morte-de-mae-bernadete-e-preso-em-operacao-nesta-sexta-feira\/","title":{"rendered":"Envolvido na morte de M\u00e3e Bernadete \u00e9 preso em opera\u00e7\u00e3o nesta sexta-feira"},"content":{"rendered":"<p>Um dos suspeitos de \u00a0participar da morte de M\u00e3e Bernardete em agosto de 2023, em Sim\u00f5es Filho, foi preso em opera\u00e7\u00e3o da Pol\u00edcia Civil, nesta sexta-feira (12). Josevan Dion\u00edsio dos Santos, o BZ ou Buzuim, \u00e9 procurado por homic\u00eddio, tr\u00e1fico de drogas e roubos, com dois mandados de pris\u00e3o.<\/p>\n<p>O suspeito tentou se esconder no N\u00facleo Habitacional Rubens Costa, em Sim\u00f5es Filho, fazendo o filho e a mulher como ref\u00e9ns. Equipes do Departamento Especializado de Investiga\u00e7\u00e3o e Repress\u00e3o ao Narcotr\u00e1fico (Denarc) e do CORE isolaram a regi\u00e3o e realizaram uma negocia\u00e7\u00e3o para que ele se entregasse,que aconteceu cerca de 8h.<\/p>\n<div class=\"google-auto-placed\"><ins class=\"adsbygoogle adsbygoogle-noablate\" data-ad-format=\"auto\" data-ad-client=\"ca-pub-0629312231703893\" data-adsbygoogle-status=\"done\" data-ad-status=\"unfilled\"><\/p>\n<div id=\"aswift_8_host\"><iframe loading=\"lazy\" id=\"aswift_8\" tabindex=\"0\" title=\"Advertisement\" src=\"https:\/\/googleads.g.doubleclick.net\/pagead\/ads?gdpr=0&amp;client=ca-pub-0629312231703893&amp;output=html&amp;h=428&amp;adk=2747922444&amp;adf=485301286&amp;pi=t.aa~a.4081964670~rp.1&amp;daaos=1757650858969~1757650858969&amp;w=428&amp;lmt=1757683924&amp;rafmt=1&amp;to=qs&amp;pwprc=7330882337&amp;format=428x428&amp;url=https%3A%2F%2Fwww.trbn.com.br%2Fmateria%2FI138368%2Fenvolvido-na-morte-de-mae-bernadete-e-preso-em-operacao-nesta-sexta-feira&amp;fwr=1&amp;pra=3&amp;rpe=1&amp;resp_fmts=3&amp;sfro=1&amp;wgl=1&amp;fa=40&amp;abgtt=9&amp;dt=1757683924519&amp;bpp=1&amp;bdt=686&amp;idt=-M&amp;shv=r20250910&amp;mjsv=m202509090101&amp;ptt=9&amp;saldr=aa&amp;abxe=1&amp;cookie=ID%3D666bf9dda11b0342%3AT%3D1755188735%3ART%3D1757683794%3AS%3DALNI_Mb7GpsOpbkFHR3HH3-hWz_WKvwcJw&amp;gpic=UID%3D000012674af9cf90%3AT%3D1755188735%3ART%3D1757683794%3AS%3DALNI_MYyGYasg8HbU517e2pVs973-g2UtA&amp;eo_id_str=ID%3D829b475c5dcb6163%3AT%3D1755188735%3ART%3D1757683794%3AS%3DAA-Afjb-vHZTTlOrYNbD9MCchBdQ&amp;prev_fmts=0x0%2C428x428&amp;nras=3&amp;correlator=3944069264976&amp;frm=20&amp;pv=1&amp;u_tz=-180&amp;u_his=51&amp;u_h=926&amp;u_w=428&amp;u_ah=926&amp;u_aw=428&amp;u_cd=24&amp;u_sd=3&amp;adx=0&amp;ady=1718&amp;biw=428&amp;bih=745&amp;scr_x=0&amp;scr_y=0&amp;eid=31094653%2C42531705%2C95367555%2C95370519%2C95370775%2C95371477%2C95371231%2C95371688&amp;oid=2&amp;psts=AOrYGslRFheaBwSaxn9j-hv9XN5vYYi8AQYIqT0S2qIK24cuXMJ51zKMK57rXDpKfAEHIhJTxuvZ8B2toH6fdAitpdTM_FKs-GhiEmc%2CAOrYGslhp-2t6iEheafTtMQJ7Hs55JktO8kJoo40_MdZktimshA-XqI54DVgVoN1rG8CIGqKEtG5uVGKxSHDy-ylWm2pVbEQlStrYFsm%2CAOrYGsnUU_HX8ux0daxgSF8ya4xyjkl-xLpRITfMfTAyCkWXTE_lwJiVl4PRJ3OBqywnQa3ZxxngNRWgTjxkz2PTG6F0JMj_BC48lZL9&amp;pvsid=8682585974521945&amp;tmod=1211195238&amp;uas=0&amp;nvt=1&amp;ref=https%3A%2F%2Fwww.trbn.com.br%2Fmateria%2FI2%2Fsalvador&amp;fc=1920&amp;brdim=0%2C0%2C0%2C0%2C428%2C0%2C428%2C926%2C428%2C745&amp;vis=1&amp;rsz=%7C%7Cs%7C&amp;abl=NS&amp;fu=128&amp;bc=31&amp;bz=1&amp;ifi=9&amp;uci=a!9&amp;btvi=6&amp;fsb=1&amp;dtd=246\" name=\"aswift_8\" width=\"428\" height=\"0\" frameborder=\"0\" marginwidth=\"0\" marginheight=\"0\" scrolling=\"no\" sandbox=\"allow-forms allow-popups allow-popups-to-escape-sandbox allow-same-origin allow-scripts allow-top-navigation-by-user-activation\" data-google-container-id=\"a!9\" aria-label=\"Advertisement\" data-google-query-id=\"CKq25O-q048DFZVLuAQd1x8k7Q\" data-load-complete=\"true\" data-mce-fragment=\"1\"><\/iframe><\/div>\n<p><\/ins><\/div>\n<p>Josevan integrava o Baralho do Crime, em 2024, que \u00e9 uma ferramenta da Secretaria de Seguran\u00e7a P\u00fablica que re\u00fane os criminosos mais procurados da Bahia. Ele aparece na carta de n\u00famero nove de Ouros.<\/p>\n<p>Ele \u00e9 apontado como um dos executores imediatos do assassinato de M\u00e3e Bernadete, sendo um dos cinco denunciados pelo Minist\u00e9rio P\u00fablico . De acordo com a den\u00fancia, a l\u00edder quilombola se tornou alvo porque sua atua\u00e7\u00e3o em defesa da comunidade quilombola e contra a expans\u00e3o do tr\u00e1fico de drogas n\u00e3o entrava em acordo com interesses da fac\u00e7\u00e3o que atuava na regi\u00e3o.<\/p>\n","protected":false},"excerpt":{"rendered":"<p>Um dos suspeitos de \u00a0participar da morte de M\u00e3e Bernardete em agosto de 2023, em Sim\u00f5es Filho, foi preso em opera\u00e7\u00e3o da Pol\u00edcia Civil, nesta sexta-feira (12). Josevan Dion\u00edsio dos Santos, o BZ ou Buzuim, \u00e9 procurado por homic\u00eddio, tr\u00e1fico de drogas e roubos, com dois mandados de pris\u00e3o. O suspeito tentou se esconder no [&hellip;]<\/p>\n","protected":false},"author":1,"featured_media":13839,"comment_status":"open","ping_status":"closed","sticky":false,"template":"","format":"standard","meta":{"jnews-multi-image_gallery":[],"jnews_single_post":[],"jnews_primary_category":[],"footnotes":""},"categories":[202],"tags":[],"class_list":["post-13837","post","type-post","status-publish","format-standard","has-post-thumbnail","hentry","category-policia-civil"],"_links":{"self":[{"href":"https:\/\/cidadebaixaonline.com.br\/index.php\/wp-json\/wp\/v2\/posts\/13837","targetHints":{"allow":["GET"]}}],"collection":[{"href":"https:\/\/cidadebaixaonline.com.br\/index.php\/wp-json\/wp\/v2\/posts"}],"about":[{"href":"https:\/\/cidadebaixaonline.com.br\/index.php\/wp-json\/wp\/v2\/types\/post"}],"author":[{"embeddable":true,"href":"https:\/\/cidadebaixaonline.com.br\/index.php\/wp-json\/wp\/v2\/users\/1"}],"replies":[{"embeddable":true,"href":"https:\/\/cidadebaixaonline.com.br\/index.php\/wp-json\/wp\/v2\/comments?post=13837"}],"version-history":[{"count":1,"href":"https:\/\/cidadebaixaonline.com.br\/index.php\/wp-json\/wp\/v2\/posts\/13837\/revisions"}],"predecessor-version":[{"id":13838,"href":"https:\/\/cidadebaixaonline.com.br\/index.php\/wp-json\/wp\/v2\/posts\/13837\/revisions\/13838"}],"wp:featuredmedia":[{"embeddable":true,"href":"https:\/\/cidadebaixaonline.com.br\/index.php\/wp-json\/wp\/v2\/media\/13839"}],"wp:attachment":[{"href":"https:\/\/cidadebaixaonline.com.br\/index.php\/wp-json\/wp\/v2\/media?parent=13837"}],"wp:term":[{"taxonomy":"category","embeddable":true,"href":"https:\/\/cidadebaixaonline.com.br\/index.php\/wp-json\/wp\/v2\/categories?post=13837"},{"taxonomy":"post_tag","embeddable":true,"href":"https:\/\/cidadebaixaonline.com.br\/index.php\/wp-json\/wp\/v2\/tags?post=13837"}],"curies":[{"name":"wp","href":"https:\/\/api.w.org\/{rel}","templated":true}]}}