{"id":13834,"date":"2025-09-12T10:20:48","date_gmt":"2025-09-12T13:20:48","guid":{"rendered":"https:\/\/cidadebaixaonline.com.br\/?p=13834"},"modified":"2025-09-12T10:20:49","modified_gmt":"2025-09-12T13:20:49","slug":"prefeitura-estuda-concessao-da-praca-thome-de-souza-no-valor-de-r-223-milhoes","status":"publish","type":"post","link":"https:\/\/cidadebaixaonline.com.br\/index.php\/2025\/09\/12\/prefeitura-estuda-concessao-da-praca-thome-de-souza-no-valor-de-r-223-milhoes\/","title":{"rendered":"Prefeitura estuda concess\u00e3o da Pra\u00e7a Thom\u00e9 de Souza no valor de R$ 223 milh\u00f5es"},"content":{"rendered":"<p>A Prefeitura de Salvador estuda conceder \u00e0 iniciativa privada a administra\u00e7\u00e3o da Pra\u00e7a Thom\u00e9 de Souza, espa\u00e7o considerado por historiadores como a primeira pra\u00e7a do Brasil e que abriga o Pal\u00e1cio Municipal e o Elevador Lacerda. O contrato est\u00e1 estimado em R$ 223 milh\u00f5es e deve ter prazo de 30 anos, segundo informa\u00e7\u00f5es j\u00e1 publicadas no Salvador Par, empresa de economia mista vinculada \u00e0 administra\u00e7\u00e3o indireta do munic\u00edpio, criada pela Lei Municipal n\u00ba 8.421\/2013.<\/p>\n<div class=\"google-auto-placed\"><ins class=\"adsbygoogle adsbygoogle-noablate\" data-ad-format=\"auto\" data-ad-client=\"ca-pub-0629312231703893\" data-adsbygoogle-status=\"done\" data-ad-status=\"filled\"><\/p>\n<div id=\"aswift_9_host\">O projeto inclui a opera\u00e7\u00e3o e manuten\u00e7\u00e3o do Elevador Lacerda e dos planos inclinados do entorno, al\u00e9m da implanta\u00e7\u00e3o e opera\u00e7\u00e3o de um centro de conven\u00e7\u00f5es subterr\u00e2neo na pr\u00f3pria Pra\u00e7a Municipal. A proposta, conforme \u00e9 descrito na SalvadorPar, tem como objetivo atender \u00e0 crescente demanda por espa\u00e7os culturais e de eventos, refor\u00e7ar a infraestrutura da regi\u00e3o e impulsionar o desenvolvimento econ\u00f4mico local. A \u00e1rea constru\u00edda estimada para a interven\u00e7\u00e3o \u00e9 de 16,2 mil m\u00b2.<\/div>\n<p><\/ins><\/div>\n<p><!--more--><\/p>\n<p>O projeto em estudo est\u00e1 vinculado \u00e0 Secretaria Municipal de Desenvolvimento Econ\u00f4mico, Emprego e Renda (Semdec), de acordo com a Salvador Par. O contrato prev\u00ea concess\u00e3o do espa\u00e7o \u00e0 iniciativa privada, mas ainda n\u00e3o h\u00e1 defini\u00e7\u00e3o sobre os valores de outorga ou contrapartidas que ser\u00e3o exigidos.<\/p>\n<div class=\"google-auto-placed\"><ins class=\"adsbygoogle adsbygoogle-noablate\" data-ad-format=\"auto\" data-ad-client=\"ca-pub-0629312231703893\" data-adsbygoogle-status=\"done\" data-ad-status=\"filled\"><\/p>\n<div id=\"aswift_10_host\">Em entrevista ao portal Aratu On, a secret\u00e1ria de Desenvolvimento Econ\u00f4mico, Mila Paes, disse que a Secretaria de Cultura e Turismo (Secult) deve ficar respons\u00e1vel pela coordena\u00e7\u00e3o do projeto, que tamb\u00e9m deve contar com financiamento via Prodetur, com recursos do Banco Interamericano de Desenvolvimento (BID). A gestora disse ainda que houve ajustes importantes no desenho inicial do projeto e que a gest\u00e3o municipal buscou adequar a proposta \u00e0s demandas da cidade.<\/div>\n<p><\/ins><\/div>\n<p>A concess\u00e3o levanta pontos de aten\u00e7\u00e3o relacionados \u00e0 preserva\u00e7\u00e3o do patrim\u00f4nio hist\u00f3rico, uma vez que a Pra\u00e7a Thom\u00e9 de Souza integra o s\u00edtio tombado do Centro Hist\u00f3rico de Salvador. Ainda n\u00e3o h\u00e1 informa\u00e7\u00f5es p\u00fablicas sobre pareceres t\u00e9cnicos do Instituto do Patrim\u00f4nio Hist\u00f3rico e Art\u00edstico Nacional (Iphan) acerca da proposta.<\/p>\n<p>Paralelamente, a Prefeitura j\u00e1 confirmou a transfer\u00eancia da sede do Executivo municipal, atualmente instalada no Pal\u00e1cio Thom\u00e9 de Souza, para o Pal\u00e1cio da S\u00e9 at\u00e9 o in\u00edcio de 2026. O prefeito Bruno Reis anunciou que as obras de adapta\u00e7\u00e3o est\u00e3o em andamento e devem ser conclu\u00eddas at\u00e9 o fim de 2025, permitindo a mudan\u00e7a entre janeiro e fevereiro do ano seguinte.<\/p>\n<p>Iniciativas paralelas tamb\u00e9m tramitam na C\u00e2mara Municipal. O vereador Andr\u00e9 Fraga (PV) protocolou um projeto sugerindo que a estrutura met\u00e1lica e de vidro do Pal\u00e1cio Thom\u00e9 de Souza, desenhada pelo arquiteto Jo\u00e3o Filgueiras Lima, o Lel\u00e9, seja transformada em galeria de arte ou biblioteca-parque, ou at\u00e9 mesmo doada para a Universidade Federal da Bahia.<\/p>\n<p>Em contato com a Tribuna da Bahia, as assessorias de comunica\u00e7\u00e3o da Prefeitura de Salvador e da Secretaria Municipal de Cultura (Secult) informaram que n\u00e3o disp\u00f5em de dados adicionais e que ainda est\u00e3o apurando detalhes sobre o projeto.<\/p>\n","protected":false},"excerpt":{"rendered":"<p>A Prefeitura de Salvador estuda conceder \u00e0 iniciativa privada a administra\u00e7\u00e3o da Pra\u00e7a Thom\u00e9 de Souza, espa\u00e7o considerado por historiadores como a primeira pra\u00e7a do Brasil e que abriga o Pal\u00e1cio Municipal e o Elevador Lacerda. O contrato est\u00e1 estimado em R$ 223 milh\u00f5es e deve ter prazo de 30 anos, segundo informa\u00e7\u00f5es j\u00e1 publicadas [&hellip;]<\/p>\n","protected":false},"author":1,"featured_media":13836,"comment_status":"open","ping_status":"closed","sticky":false,"template":"","format":"standard","meta":{"jnews-multi-image_gallery":[],"jnews_single_post":[],"jnews_primary_category":[],"footnotes":""},"categories":[140],"tags":[],"class_list":["post-13834","post","type-post","status-publish","format-standard","has-post-thumbnail","hentry","category-prefeitura-de-salvador"],"_links":{"self":[{"href":"https:\/\/cidadebaixaonline.com.br\/index.php\/wp-json\/wp\/v2\/posts\/13834","targetHints":{"allow":["GET"]}}],"collection":[{"href":"https:\/\/cidadebaixaonline.com.br\/index.php\/wp-json\/wp\/v2\/posts"}],"about":[{"href":"https:\/\/cidadebaixaonline.com.br\/index.php\/wp-json\/wp\/v2\/types\/post"}],"author":[{"embeddable":true,"href":"https:\/\/cidadebaixaonline.com.br\/index.php\/wp-json\/wp\/v2\/users\/1"}],"replies":[{"embeddable":true,"href":"https:\/\/cidadebaixaonline.com.br\/index.php\/wp-json\/wp\/v2\/comments?post=13834"}],"version-history":[{"count":1,"href":"https:\/\/cidadebaixaonline.com.br\/index.php\/wp-json\/wp\/v2\/posts\/13834\/revisions"}],"predecessor-version":[{"id":13835,"href":"https:\/\/cidadebaixaonline.com.br\/index.php\/wp-json\/wp\/v2\/posts\/13834\/revisions\/13835"}],"wp:featuredmedia":[{"embeddable":true,"href":"https:\/\/cidadebaixaonline.com.br\/index.php\/wp-json\/wp\/v2\/media\/13836"}],"wp:attachment":[{"href":"https:\/\/cidadebaixaonline.com.br\/index.php\/wp-json\/wp\/v2\/media?parent=13834"}],"wp:term":[{"taxonomy":"category","embeddable":true,"href":"https:\/\/cidadebaixaonline.com.br\/index.php\/wp-json\/wp\/v2\/categories?post=13834"},{"taxonomy":"post_tag","embeddable":true,"href":"https:\/\/cidadebaixaonline.com.br\/index.php\/wp-json\/wp\/v2\/tags?post=13834"}],"curies":[{"name":"wp","href":"https:\/\/api.w.org\/{rel}","templated":true}]}}