{"id":13825,"date":"2025-09-11T11:05:50","date_gmt":"2025-09-11T14:05:50","guid":{"rendered":"https:\/\/cidadebaixaonline.com.br\/?p=13825"},"modified":"2025-09-11T11:05:50","modified_gmt":"2025-09-11T14:05:50","slug":"prefeitura-de-salvador-oferece-curso-de-libras-exclusivo-para-padres","status":"publish","type":"post","link":"https:\/\/cidadebaixaonline.com.br\/index.php\/2025\/09\/11\/prefeitura-de-salvador-oferece-curso-de-libras-exclusivo-para-padres\/","title":{"rendered":"Prefeitura de Salvador oferece curso de Libras exclusivo para padres"},"content":{"rendered":"<p>Na manh\u00e3 desta quarta-feira (10), a Prefeitura de Salvador, por meio da Secretaria de Promo\u00e7\u00e3o Social, Combate \u00e0 Pobreza, Esporte e Lazer (Sempre), lan\u00e7ou o Curso de Libras destinado exclusivamente aos padres da Arquidiocese de Salvador. O evento aconteceu na C\u00faria Arquidiocesana, no bairro do Garcia, reunindo o arcebispo, bispos e representantes da Igreja.<\/p>\n<div class=\"google-auto-placed\"><ins class=\"adsbygoogle adsbygoogle-noablate\" data-ad-format=\"auto\" data-ad-client=\"ca-pub-0629312231703893\" data-adsbygoogle-status=\"done\" data-ad-status=\"filled\"><\/p>\n<div id=\"aswift_7_host\">A a\u00e7\u00e3o refor\u00e7a o compromisso da Prefeitura com a inclus\u00e3o e a acessibilidade dentro da comunidade de f\u00e9 e tem como objetivo preparar o clero para acolher, evangelizar e garantir a participa\u00e7\u00e3o das pessoas surdas nas celebra\u00e7\u00f5es religiosas. At\u00e9 o momento, mais de 500 padres j\u00e1 se inscreveram para a forma\u00e7\u00e3o.<\/div>\n<p><\/ins><\/div>\n<p>O padre Zeca, um dos participantes da capacita\u00e7\u00e3o, destacou a import\u00e2ncia da a\u00e7\u00e3o para a Igreja. \u201cMuitas pessoas est\u00e3o ausentes das nossas atividades porque n\u00e3o sabemos como chegar at\u00e9 elas, como falar, como acolher. Agora, com esse curso, teremos padres capacitados que poder\u00e3o oferecer uma evangeliza\u00e7\u00e3o acess\u00edvel, garantindo a participa\u00e7\u00e3o plena dessas pessoas nas celebra\u00e7\u00f5es\u201d, afirmou.<\/p>\n<div class=\"google-auto-placed\"><ins class=\"adsbygoogle adsbygoogle-noablate\" data-ad-format=\"auto\" data-ad-client=\"ca-pub-0629312231703893\" data-adsbygoogle-status=\"done\" data-ad-status=\"filled\"><\/p>\n<div id=\"aswift_8_host\">A diretora da Pessoa com Defici\u00eancia da Sempre, Daiane Pina, ressaltou o impacto da iniciativa. \u201cEsse curso \u00e9 um marco para Salvador, porque as pessoas surdas v\u00e3o poder assistir \u00e0s missas, participar de congressos e professar sua f\u00e9 de forma integral\u201d, explicou.<\/div>\n<p><\/ins><\/div>\n<p>J\u00e1 Patr\u00edcia Salles, coordenadora da Pastoral Social da Par\u00f3quia Senhor Bom Jesus dos Milagres, celebrou o momento como um divisor de \u00e1guas. \u201c\u00c9 um tempo novo para a nossa Igreja. Hoje, com o apoio da Prefeitura, abrimos esse caminho para que todos possam evangelizar e tamb\u00e9m ser evangelizados. \u00c9 uma alegria imensa e o primeiro passo de muitos projetos que vir\u00e3o\u201d, afirmou.<\/p>\n","protected":false},"excerpt":{"rendered":"<p>Na manh\u00e3 desta quarta-feira (10), a Prefeitura de Salvador, por meio da Secretaria de Promo\u00e7\u00e3o Social, Combate \u00e0 Pobreza, Esporte e Lazer (Sempre), lan\u00e7ou o Curso de Libras destinado exclusivamente aos padres da Arquidiocese de Salvador. O evento aconteceu na C\u00faria Arquidiocesana, no bairro do Garcia, reunindo o arcebispo, bispos e representantes da Igreja. A [&hellip;]<\/p>\n","protected":false},"author":1,"featured_media":13827,"comment_status":"open","ping_status":"closed","sticky":false,"template":"","format":"standard","meta":{"jnews-multi-image_gallery":[],"jnews_single_post":[],"jnews_primary_category":[],"footnotes":""},"categories":[140],"tags":[],"class_list":["post-13825","post","type-post","status-publish","format-standard","has-post-thumbnail","hentry","category-prefeitura-de-salvador"],"_links":{"self":[{"href":"https:\/\/cidadebaixaonline.com.br\/index.php\/wp-json\/wp\/v2\/posts\/13825","targetHints":{"allow":["GET"]}}],"collection":[{"href":"https:\/\/cidadebaixaonline.com.br\/index.php\/wp-json\/wp\/v2\/posts"}],"about":[{"href":"https:\/\/cidadebaixaonline.com.br\/index.php\/wp-json\/wp\/v2\/types\/post"}],"author":[{"embeddable":true,"href":"https:\/\/cidadebaixaonline.com.br\/index.php\/wp-json\/wp\/v2\/users\/1"}],"replies":[{"embeddable":true,"href":"https:\/\/cidadebaixaonline.com.br\/index.php\/wp-json\/wp\/v2\/comments?post=13825"}],"version-history":[{"count":1,"href":"https:\/\/cidadebaixaonline.com.br\/index.php\/wp-json\/wp\/v2\/posts\/13825\/revisions"}],"predecessor-version":[{"id":13826,"href":"https:\/\/cidadebaixaonline.com.br\/index.php\/wp-json\/wp\/v2\/posts\/13825\/revisions\/13826"}],"wp:featuredmedia":[{"embeddable":true,"href":"https:\/\/cidadebaixaonline.com.br\/index.php\/wp-json\/wp\/v2\/media\/13827"}],"wp:attachment":[{"href":"https:\/\/cidadebaixaonline.com.br\/index.php\/wp-json\/wp\/v2\/media?parent=13825"}],"wp:term":[{"taxonomy":"category","embeddable":true,"href":"https:\/\/cidadebaixaonline.com.br\/index.php\/wp-json\/wp\/v2\/categories?post=13825"},{"taxonomy":"post_tag","embeddable":true,"href":"https:\/\/cidadebaixaonline.com.br\/index.php\/wp-json\/wp\/v2\/tags?post=13825"}],"curies":[{"name":"wp","href":"https:\/\/api.w.org\/{rel}","templated":true}]}}