{"id":13819,"date":"2025-09-11T10:55:17","date_gmt":"2025-09-11T13:55:17","guid":{"rendered":"https:\/\/cidadebaixaonline.com.br\/?p=13819"},"modified":"2025-09-11T10:55:18","modified_gmt":"2025-09-11T13:55:18","slug":"arvore-centenaria-desaba-e-bloqueia-rua-no-santo-antonio-alem-do-carmo","status":"publish","type":"post","link":"https:\/\/cidadebaixaonline.com.br\/index.php\/2025\/09\/11\/arvore-centenaria-desaba-e-bloqueia-rua-no-santo-antonio-alem-do-carmo\/","title":{"rendered":"\u00c1rvore centen\u00e1ria desaba e bloqueia rua no Santo Ant\u00f4nio Al\u00e9m do Carmo"},"content":{"rendered":"<p style=\"text-align: left;\">Uma \u00e1rvore centen\u00e1ria tombou nesta ter\u00e7a-feira (9) em uma pra\u00e7a do bairro Santo Ant\u00f4nio Al\u00e9m do Carmo, no Centro Hist\u00f3rico de Salvador, e acabou bloqueando parte de uma rua da regi\u00e3o. Ningu\u00e9m ficou ferido.<\/p>\n<p>V\u00eddeos que circulam nas redes sociais mostram peda\u00e7os do vegetal espalhados pela via, em frente a uma igreja.<\/p>\n<div>\n<div class=\"trv-player-container\">\n<div class=\"trv-wrapper\">\n<div id=\"br_video_player_fd3f8bb9311dc43c786b637982708c9dc3c659f9\" class=\"trvd_video_player trvdinstream\">\n<div class=\"media-player\">\n<div class=\"trv-video\">O tr\u00e2nsito precisou ser interrompido e a prefeitura foi acionada para realizar a remo\u00e7\u00e3o.<\/div>\n<\/div>\n<\/div>\n<\/div>\n<\/div>\n<\/div>\n","protected":false},"excerpt":{"rendered":"<p>Uma \u00e1rvore centen\u00e1ria tombou nesta ter\u00e7a-feira (9) em uma pra\u00e7a do bairro Santo Ant\u00f4nio Al\u00e9m do Carmo, no Centro Hist\u00f3rico de Salvador, e acabou bloqueando parte de uma rua da regi\u00e3o. Ningu\u00e9m ficou ferido. V\u00eddeos que circulam nas redes sociais mostram peda\u00e7os do vegetal espalhados pela via, em frente a uma igreja. O tr\u00e2nsito precisou [&hellip;]<\/p>\n","protected":false},"author":1,"featured_media":13821,"comment_status":"open","ping_status":"closed","sticky":false,"template":"","format":"standard","meta":{"jnews-multi-image_gallery":[],"jnews_single_post":[],"jnews_primary_category":[],"footnotes":""},"categories":[253],"tags":[],"class_list":["post-13819","post","type-post","status-publish","format-standard","has-post-thumbnail","hentry","category-arvore-centenaria"],"_links":{"self":[{"href":"https:\/\/cidadebaixaonline.com.br\/index.php\/wp-json\/wp\/v2\/posts\/13819","targetHints":{"allow":["GET"]}}],"collection":[{"href":"https:\/\/cidadebaixaonline.com.br\/index.php\/wp-json\/wp\/v2\/posts"}],"about":[{"href":"https:\/\/cidadebaixaonline.com.br\/index.php\/wp-json\/wp\/v2\/types\/post"}],"author":[{"embeddable":true,"href":"https:\/\/cidadebaixaonline.com.br\/index.php\/wp-json\/wp\/v2\/users\/1"}],"replies":[{"embeddable":true,"href":"https:\/\/cidadebaixaonline.com.br\/index.php\/wp-json\/wp\/v2\/comments?post=13819"}],"version-history":[{"count":1,"href":"https:\/\/cidadebaixaonline.com.br\/index.php\/wp-json\/wp\/v2\/posts\/13819\/revisions"}],"predecessor-version":[{"id":13820,"href":"https:\/\/cidadebaixaonline.com.br\/index.php\/wp-json\/wp\/v2\/posts\/13819\/revisions\/13820"}],"wp:featuredmedia":[{"embeddable":true,"href":"https:\/\/cidadebaixaonline.com.br\/index.php\/wp-json\/wp\/v2\/media\/13821"}],"wp:attachment":[{"href":"https:\/\/cidadebaixaonline.com.br\/index.php\/wp-json\/wp\/v2\/media?parent=13819"}],"wp:term":[{"taxonomy":"category","embeddable":true,"href":"https:\/\/cidadebaixaonline.com.br\/index.php\/wp-json\/wp\/v2\/categories?post=13819"},{"taxonomy":"post_tag","embeddable":true,"href":"https:\/\/cidadebaixaonline.com.br\/index.php\/wp-json\/wp\/v2\/tags?post=13819"}],"curies":[{"name":"wp","href":"https:\/\/api.w.org\/{rel}","templated":true}]}}