{"id":13810,"date":"2025-09-10T10:36:39","date_gmt":"2025-09-10T13:36:39","guid":{"rendered":"https:\/\/cidadebaixaonline.com.br\/?p=13810"},"modified":"2025-09-10T10:36:40","modified_gmt":"2025-09-10T13:36:40","slug":"conder-abre-licitacao-para-projetos-de-restauro-de-casaroes-no-centro-historico","status":"publish","type":"post","link":"https:\/\/cidadebaixaonline.com.br\/index.php\/2025\/09\/10\/conder-abre-licitacao-para-projetos-de-restauro-de-casaroes-no-centro-historico\/","title":{"rendered":"Conder abre licita\u00e7\u00e3o para projetos de restauro de casar\u00f5es no Centro Hist\u00f3rico"},"content":{"rendered":"<p>O Governo do Estado da Bahia, por meio da Conder, publicou no Di\u00e1rio Oficial desta ter\u00e7a-feira (9) licita\u00e7\u00e3o para contrata\u00e7\u00e3o de empresa especializada para elabora\u00e7\u00e3o de projetos b\u00e1sicos e executivos para reabilita\u00e7\u00e3o, revitaliza\u00e7\u00e3o e restauro de 23 casar\u00f5es localizados no Centro Hist\u00f3rico de Salvador.<\/p>\n<p>Os im\u00f3veis, tombados pelo Instituto do Patrim\u00f4nio Hist\u00f3rico e Cultural Nacional (Iphan) e reconhecidos pela Unesco como Patrim\u00f4nio Mundial, ser\u00e3o destinados para habita\u00e7\u00f5es de interesse social e resid\u00eancia universit\u00e1ria.<\/p>\n<p>A a\u00e7\u00e3o integra mais uma iniciativa da parceria Bahia-Brasil e contar\u00e1 com recursos do Novo PAC, na ordem de R$ 1 milh\u00e3o. \u201cO trabalho do governador Jer\u00f4nimo Rodrigues, em parceria com o presidente Lula e o ministro da Casa Civil, Rui Costa, tem garantido investimentos fundamentais para preservar nossa mem\u00f3ria e, ao mesmo tempo, gerar inclus\u00e3o social e oportunidades. Este \u00e9 o reflexo de um esfor\u00e7o conjunto, que fortalece a identidade baiana e brasileira,\u201d afirmou Jos\u00e9 Trindade, presidente da Conder.<\/p>\n<p>O gestor acrescentou ainda que o governo baiano tem um presen\u00e7a forte e atuante no Centro Antigo de Salvador, fortalecendo a ocupa\u00e7\u00e3o social e econ\u00f4mica da regi\u00e3o. \u201c\u00c9 essencial que essa regi\u00e3o esteja ocupada por moradores, porque, quando o com\u00e9rcio fecha, o espa\u00e7o precisa ter vida e dignidade para quem vive ali. Recentemente, realizamos a entrega de 62 unidades habitacionais no residencial Vila Nova Esperan\u00e7a, antiga Rocinha, que alia novas edifica\u00e7\u00f5es ao restauro de um casar\u00e3o hist\u00f3rico. Esse trabalho une preserva\u00e7\u00e3o cultural e moradia de interesse social, mantendo o patrim\u00f4nio hist\u00f3rico de Salvador verdadeiramente vivo\u201d, finalizou.<\/p>\n<p>Al\u00e9m de promover solu\u00e7\u00f5es de moradia para a popula\u00e7\u00e3o de baixa renda, o projeto prev\u00ea ainda estudos de patologias e o diagn\u00f3stico detalhado das condi\u00e7\u00f5es estruturais, com especial aten\u00e7\u00e3o \u00e0s fachadas hist\u00f3ricas, assegurando o respeito \u00e0s diretrizes de preserva\u00e7\u00e3o do patrim\u00f4nio. A empresa vencedora do certame ter\u00e1 prazo de 120 dias, a partir da ordem de servi\u00e7o, para entregar os projetos.<\/p>\n<p><strong>Telhado do Museu de Arte Sacra e da Igreja de Santa Teresa D\u2019\u00c1vila ser\u00e1 restaurado<\/strong><\/p>\n<p>Outra frente de preserva\u00e7\u00e3o do patrim\u00f4nio hist\u00f3rico da capital baiana est\u00e1 em andamento com a publica\u00e7\u00e3o de licita\u00e7\u00e3o para obras de restaura\u00e7\u00e3o do telhado do Museu de Arte Sacra e da Igreja de Santa Teresa D\u2019\u00c1vila, em Salvador. Considerado um dos mais importantes acervos do pa\u00eds, o complexo foi fechado preventivamente ap\u00f3s a Ufba identificar riscos estruturais.<\/p>\n<p>Com investimento de cerca de R$ 3 milh\u00f5es, fruto de emenda parlamentar da deputada L\u00eddice da Mata, a obra vai recuperar as \u00e1reas comprometidas e garantir a seguran\u00e7a da edifica\u00e7\u00e3o e do acervo. O museu possui 5.250 m\u00b2 de \u00e1rea constru\u00edda em um terreno de 8 mil m\u00b2, que abriga a Igreja de Santa Teresa D\u2019\u00c1vila, tombada como patrim\u00f4nio hist\u00f3rico. O prazo de execu\u00e7\u00e3o da obra \u00e9 de at\u00e9 oito meses ap\u00f3s a assinatura da ordem de servi\u00e7o.<\/p>\n<div>\n<div class=\"trv-player-container\">\n<div class=\"trv-wrapper\">\n<div id=\"br_video_player_1e59898331f2ea9d82ae526ca0bb4d9dc3c659f9\" class=\"trvd_video_player trvdinstream\">\n<div class=\"media-player\">\n<div class=\"trv-video\">O edital e anexos das duas licita\u00e7\u00f5es publicadas hoje no Di\u00e1rio Oficial estar\u00e3o dispon\u00edveis no site da Conder (www.conder.ba.gov.br), na se\u00e7\u00e3o Licita\u00e7\u00f5es, a partir de 12 de setembro. A abertura do certame est\u00e1 marcada para 17 de novembro.<\/div>\n<\/div>\n<\/div>\n<\/div>\n<\/div>\n<\/div>\n","protected":false},"excerpt":{"rendered":"<p>O Governo do Estado da Bahia, por meio da Conder, publicou no Di\u00e1rio Oficial desta ter\u00e7a-feira (9) licita\u00e7\u00e3o para contrata\u00e7\u00e3o de empresa especializada para elabora\u00e7\u00e3o de projetos b\u00e1sicos e executivos para reabilita\u00e7\u00e3o, revitaliza\u00e7\u00e3o e restauro de 23 casar\u00f5es localizados no Centro Hist\u00f3rico de Salvador. Os im\u00f3veis, tombados pelo Instituto do Patrim\u00f4nio Hist\u00f3rico e Cultural Nacional [&hellip;]<\/p>\n","protected":false},"author":1,"featured_media":13812,"comment_status":"open","ping_status":"closed","sticky":false,"template":"","format":"standard","meta":{"jnews-multi-image_gallery":[],"jnews_single_post":[],"jnews_primary_category":[],"footnotes":""},"categories":[85],"tags":[],"class_list":["post-13810","post","type-post","status-publish","format-standard","has-post-thumbnail","hentry","category-noticias"],"_links":{"self":[{"href":"https:\/\/cidadebaixaonline.com.br\/index.php\/wp-json\/wp\/v2\/posts\/13810","targetHints":{"allow":["GET"]}}],"collection":[{"href":"https:\/\/cidadebaixaonline.com.br\/index.php\/wp-json\/wp\/v2\/posts"}],"about":[{"href":"https:\/\/cidadebaixaonline.com.br\/index.php\/wp-json\/wp\/v2\/types\/post"}],"author":[{"embeddable":true,"href":"https:\/\/cidadebaixaonline.com.br\/index.php\/wp-json\/wp\/v2\/users\/1"}],"replies":[{"embeddable":true,"href":"https:\/\/cidadebaixaonline.com.br\/index.php\/wp-json\/wp\/v2\/comments?post=13810"}],"version-history":[{"count":1,"href":"https:\/\/cidadebaixaonline.com.br\/index.php\/wp-json\/wp\/v2\/posts\/13810\/revisions"}],"predecessor-version":[{"id":13811,"href":"https:\/\/cidadebaixaonline.com.br\/index.php\/wp-json\/wp\/v2\/posts\/13810\/revisions\/13811"}],"wp:featuredmedia":[{"embeddable":true,"href":"https:\/\/cidadebaixaonline.com.br\/index.php\/wp-json\/wp\/v2\/media\/13812"}],"wp:attachment":[{"href":"https:\/\/cidadebaixaonline.com.br\/index.php\/wp-json\/wp\/v2\/media?parent=13810"}],"wp:term":[{"taxonomy":"category","embeddable":true,"href":"https:\/\/cidadebaixaonline.com.br\/index.php\/wp-json\/wp\/v2\/categories?post=13810"},{"taxonomy":"post_tag","embeddable":true,"href":"https:\/\/cidadebaixaonline.com.br\/index.php\/wp-json\/wp\/v2\/tags?post=13810"}],"curies":[{"name":"wp","href":"https:\/\/api.w.org\/{rel}","templated":true}]}}