{"id":13795,"date":"2025-09-05T13:22:27","date_gmt":"2025-09-05T16:22:27","guid":{"rendered":"https:\/\/cidadebaixaonline.com.br\/?p=13795"},"modified":"2025-09-05T13:22:27","modified_gmt":"2025-09-05T16:22:27","slug":"confira-balanco-de-cerco-policial-que-acontece-na-federacao-e-na-liberdade","status":"publish","type":"post","link":"https:\/\/cidadebaixaonline.com.br\/index.php\/2025\/09\/05\/confira-balanco-de-cerco-policial-que-acontece-na-federacao-e-na-liberdade\/","title":{"rendered":"Confira balan\u00e7o de cerco policial que acontece na Federa\u00e7\u00e3o e na Liberdade"},"content":{"rendered":"<p>A Opera\u00e7\u00e3o Sinergia, deflagrada nesta sexta-feira (5), nos bairros do Engenho Velho da Federa\u00e7\u00e3o e da Liberdade, em Salvador, j\u00e1 soma apreens\u00f5es de materiais il\u00edcitos usados por membros de integrantes de fac\u00e7\u00f5es criminosas.<\/p>\n<div class=\"google-auto-placed\"><ins class=\"adsbygoogle adsbygoogle-noablate\" data-ad-format=\"auto\" data-ad-client=\"ca-pub-0629312231703893\" data-adsbygoogle-status=\"done\" data-ad-status=\"filled\"><\/p>\n<div id=\"aswift_8_host\">Segundo a Secretaria da Seguran\u00e7a P\u00fablica (SSP), m\u00e1quinas ca\u00e7a-n\u00edqueis e c\u00e2mera em formato de l\u00e2mpada foram localizadas e retiradas pelas equipes policiais.As quatro m\u00e1quinas ca\u00e7a-n\u00edqueis estavam em uma esp\u00e9cie de dep\u00f3sito, no Engenho Velho da Federa\u00e7\u00e3o, que tinha como identidade visual um ponto de venda de frutas.<\/div>\n<p><\/ins><\/div>\n<p>Pr\u00f3ximo ao local, em outro im\u00f3vel, os policiais identificaram uma c\u00e2mera em formato de l\u00e2mpada. O equipamento possu\u00eda o recurso de giro em 360\u00b0.<\/p>\n<p>Ainda segundo a SSP, ordens judiciais s\u00e3o cumpridas em im\u00f3veis que possivelmente podem ser utilizados por integrantes de fac\u00e7\u00f5es envolvidos com tr\u00e1ficos de drogas e armas, homic\u00eddios, lavagem de dinheiro, roubo e corrup\u00e7\u00e3o de menores.<\/p>\n","protected":false},"excerpt":{"rendered":"<p>A Opera\u00e7\u00e3o Sinergia, deflagrada nesta sexta-feira (5), nos bairros do Engenho Velho da Federa\u00e7\u00e3o e da Liberdade, em Salvador, j\u00e1 soma apreens\u00f5es de materiais il\u00edcitos usados por membros de integrantes de fac\u00e7\u00f5es criminosas. Segundo a Secretaria da Seguran\u00e7a P\u00fablica (SSP), m\u00e1quinas ca\u00e7a-n\u00edqueis e c\u00e2mera em formato de l\u00e2mpada foram localizadas e retiradas pelas equipes policiais.As [&hellip;]<\/p>\n","protected":false},"author":1,"featured_media":13797,"comment_status":"open","ping_status":"closed","sticky":false,"template":"","format":"standard","meta":{"jnews-multi-image_gallery":[],"jnews_single_post":[],"jnews_primary_category":[],"footnotes":""},"categories":[202],"tags":[],"class_list":["post-13795","post","type-post","status-publish","format-standard","has-post-thumbnail","hentry","category-policia-civil"],"_links":{"self":[{"href":"https:\/\/cidadebaixaonline.com.br\/index.php\/wp-json\/wp\/v2\/posts\/13795","targetHints":{"allow":["GET"]}}],"collection":[{"href":"https:\/\/cidadebaixaonline.com.br\/index.php\/wp-json\/wp\/v2\/posts"}],"about":[{"href":"https:\/\/cidadebaixaonline.com.br\/index.php\/wp-json\/wp\/v2\/types\/post"}],"author":[{"embeddable":true,"href":"https:\/\/cidadebaixaonline.com.br\/index.php\/wp-json\/wp\/v2\/users\/1"}],"replies":[{"embeddable":true,"href":"https:\/\/cidadebaixaonline.com.br\/index.php\/wp-json\/wp\/v2\/comments?post=13795"}],"version-history":[{"count":1,"href":"https:\/\/cidadebaixaonline.com.br\/index.php\/wp-json\/wp\/v2\/posts\/13795\/revisions"}],"predecessor-version":[{"id":13796,"href":"https:\/\/cidadebaixaonline.com.br\/index.php\/wp-json\/wp\/v2\/posts\/13795\/revisions\/13796"}],"wp:featuredmedia":[{"embeddable":true,"href":"https:\/\/cidadebaixaonline.com.br\/index.php\/wp-json\/wp\/v2\/media\/13797"}],"wp:attachment":[{"href":"https:\/\/cidadebaixaonline.com.br\/index.php\/wp-json\/wp\/v2\/media?parent=13795"}],"wp:term":[{"taxonomy":"category","embeddable":true,"href":"https:\/\/cidadebaixaonline.com.br\/index.php\/wp-json\/wp\/v2\/categories?post=13795"},{"taxonomy":"post_tag","embeddable":true,"href":"https:\/\/cidadebaixaonline.com.br\/index.php\/wp-json\/wp\/v2\/tags?post=13795"}],"curies":[{"name":"wp","href":"https:\/\/api.w.org\/{rel}","templated":true}]}}