{"id":13792,"date":"2025-09-05T13:03:04","date_gmt":"2025-09-05T16:03:04","guid":{"rendered":"https:\/\/cidadebaixaonline.com.br\/?p=13792"},"modified":"2025-09-05T13:03:04","modified_gmt":"2025-09-05T16:03:04","slug":"prefeitura-de-salvador-tem-projetos-do-novo-pac-aprovados","status":"publish","type":"post","link":"https:\/\/cidadebaixaonline.com.br\/index.php\/2025\/09\/05\/prefeitura-de-salvador-tem-projetos-do-novo-pac-aprovados\/","title":{"rendered":"Prefeitura de Salvador tem projetos do Novo PAC aprovados"},"content":{"rendered":"<p>A Prefeitura de Salvador, atrav\u00e9s da Secretaria de Mobilidade (Semob), foi contemplada para receber financiamentos atrav\u00e9s do Novo PAC, do Governo Federal. Duas propostas foram selecionadas e v\u00e3o permitir investimentos direcionados \u00e0 frota de transporte urbano, entre elas o plano que prev\u00ea a aquisi\u00e7\u00e3o de 180 micro\u00f4nibus para renovar os ve\u00edculos que comp\u00f5em o Sistema de Transporte Complementar (Stec), os chamados \u2018amarelinhos\u2019.<\/p>\n<div class=\"google-auto-placed\"><ins class=\"adsbygoogle adsbygoogle-noablate\" data-ad-format=\"auto\" data-ad-client=\"ca-pub-0629312231703893\" data-adsbygoogle-status=\"done\" data-ad-status=\"filled\"><\/p>\n<div id=\"aswift_8_host\">O resultado do Novo PAC foi divulgado na \u00faltima quinta-feira (4). Os projetos da Prefeitura de Salvador foram selecionados dentro da \u00e1rea de Mobilidade Urbana Sustent\u00e1vel, e v\u00e3o contemplar um investimento de R$180 milh\u00f5es. Destes, R$95 milh\u00f5es ser\u00e3o destinados \u00e0 renova\u00e7\u00e3o da frota do Stec, garantindo \u00f4nibus novos, mais confort\u00e1veis, modernos e menos poluentes para o atendimento \u00e0 popula\u00e7\u00e3o.<\/div>\n<div><\/div>\n<p><\/ins><\/div>\n<div class=\"google-auto-placed\"><ins class=\"adsbygoogle adsbygoogle-noablate\" data-ad-format=\"auto\" data-ad-client=\"ca-pub-0629312231703893\" data-adsbygoogle-status=\"done\" data-ad-status=\"filled\"><\/p>\n<div id=\"aswift_9_host\">O secret\u00e1rio de Mobilidade da capital baiana, Pablo Souza, destacou que a gest\u00e3o municipal tem mantido investimentos na renova\u00e7\u00e3o da frota, tanto do sistema convencional como, agora, do complementar: \u201cEsse \u00e9 o resultado de um grande esfor\u00e7o que a Prefeitura tem feito para melhorar cada vez mais a qualidade do transporte da nossa cidade. A frota do Stec tem idade m\u00e9dia de 11 anos, e ser\u00e1 integralmente substitu\u00edda por \u00f4nibus novos, zero quil\u00f4metro, todos com ar-condicionado\u201d, destacou.<\/div>\n<p><\/ins><\/div>\n<p>Pablo Souza destacou os pr\u00f3ximos passos ap\u00f3s a aprova\u00e7\u00e3o: \u201cAgora, a Prefeitura ir\u00e1 trabalhar na parte documental junto ao Governo Federal, e ent\u00e3o poder\u00e1 ser feita a aquisi\u00e7\u00e3o dos ve\u00edculos ap\u00f3s autoriza\u00e7\u00e3o legislativa\u201d, disse.<\/p>\n<p>Somente neste ano, Salvador j\u00e1 recebeu mais de 100 \u00f4nibus novos, que foram distribu\u00eddos para diversas linhas da cidade. Todos os ve\u00edculos s\u00e3o climatizados, com elevador e espa\u00e7o para cadeirante, al\u00e9m de contarem com o motor Euro VI, que libera menos poluentes na atmosfera.<\/p>\n","protected":false},"excerpt":{"rendered":"<p>A Prefeitura de Salvador, atrav\u00e9s da Secretaria de Mobilidade (Semob), foi contemplada para receber financiamentos atrav\u00e9s do Novo PAC, do Governo Federal. Duas propostas foram selecionadas e v\u00e3o permitir investimentos direcionados \u00e0 frota de transporte urbano, entre elas o plano que prev\u00ea a aquisi\u00e7\u00e3o de 180 micro\u00f4nibus para renovar os ve\u00edculos que comp\u00f5em o Sistema [&hellip;]<\/p>\n","protected":false},"author":1,"featured_media":13794,"comment_status":"open","ping_status":"closed","sticky":false,"template":"","format":"standard","meta":{"jnews-multi-image_gallery":[],"jnews_single_post":[],"jnews_primary_category":[],"footnotes":""},"categories":[251],"tags":[],"class_list":["post-13792","post","type-post","status-publish","format-standard","has-post-thumbnail","hentry","category-novo-pac"],"_links":{"self":[{"href":"https:\/\/cidadebaixaonline.com.br\/index.php\/wp-json\/wp\/v2\/posts\/13792","targetHints":{"allow":["GET"]}}],"collection":[{"href":"https:\/\/cidadebaixaonline.com.br\/index.php\/wp-json\/wp\/v2\/posts"}],"about":[{"href":"https:\/\/cidadebaixaonline.com.br\/index.php\/wp-json\/wp\/v2\/types\/post"}],"author":[{"embeddable":true,"href":"https:\/\/cidadebaixaonline.com.br\/index.php\/wp-json\/wp\/v2\/users\/1"}],"replies":[{"embeddable":true,"href":"https:\/\/cidadebaixaonline.com.br\/index.php\/wp-json\/wp\/v2\/comments?post=13792"}],"version-history":[{"count":1,"href":"https:\/\/cidadebaixaonline.com.br\/index.php\/wp-json\/wp\/v2\/posts\/13792\/revisions"}],"predecessor-version":[{"id":13793,"href":"https:\/\/cidadebaixaonline.com.br\/index.php\/wp-json\/wp\/v2\/posts\/13792\/revisions\/13793"}],"wp:featuredmedia":[{"embeddable":true,"href":"https:\/\/cidadebaixaonline.com.br\/index.php\/wp-json\/wp\/v2\/media\/13794"}],"wp:attachment":[{"href":"https:\/\/cidadebaixaonline.com.br\/index.php\/wp-json\/wp\/v2\/media?parent=13792"}],"wp:term":[{"taxonomy":"category","embeddable":true,"href":"https:\/\/cidadebaixaonline.com.br\/index.php\/wp-json\/wp\/v2\/categories?post=13792"},{"taxonomy":"post_tag","embeddable":true,"href":"https:\/\/cidadebaixaonline.com.br\/index.php\/wp-json\/wp\/v2\/tags?post=13792"}],"curies":[{"name":"wp","href":"https:\/\/api.w.org\/{rel}","templated":true}]}}