{"id":13759,"date":"2025-09-03T13:17:38","date_gmt":"2025-09-03T16:17:38","guid":{"rendered":"https:\/\/cidadebaixaonline.com.br\/?p=13759"},"modified":"2025-09-03T13:29:23","modified_gmt":"2025-09-03T16:29:23","slug":"rascunho-automatico","status":"publish","type":"post","link":"https:\/\/cidadebaixaonline.com.br\/index.php\/2025\/09\/03\/rascunho-automatico\/","title":{"rendered":"Projeto Roda chega a mais de 8 toneladas de recicl\u00e1veis coletados"},"content":{"rendered":"<p data-start=\"358\" data-end=\"877\">O Projeto Roda, da Prefeitura de Salvador, completou um m\u00eas de funcionamento no \u00faltimo dia 28 de agosto com um saldo de 8.364,46 kg de res\u00edduos recicl\u00e1veis recolhidos \u2014 uma m\u00e9dia de 300 kg por dia de opera\u00e7\u00e3o. A iniciativa pioneira de coleta seletiva porta a porta segue sendo realizada no Centro Hist\u00f3rico, abrangendo \u00e1reas como Santo Ant\u00f4nio Al\u00e9m do Carmo, Baixa dos Sapateiros, Sa\u00fade, Pelourinho, Rua Chile, Rua Carlos Gomes, Largo Dois de Julho, Avenida Sete de Setembro, Rua da Mouraria e Avenida Joana Ang\u00e9lica.<\/p>\n<p data-start=\"879\" data-end=\"1329\">O ve\u00edculo el\u00e9trico do projeto percorreu, nesse per\u00edodo, 588 km, recolhendo recicl\u00e1veis diretamente na fonte. Atualmente, 189 estabelecimentos comerciais e 29 pessoas f\u00edsicas participam da iniciativa, dando destino correto aos res\u00edduos. O Roda beneficia diretamente quatro cooperados e outros 13 indiretamente, gerando renda para trabalhadores da reciclagem. Nestes 30 dias, foram mitigados 126,3 kg de CO\u2082 que deixaram de ser emitidos na atmosfera.<\/p>\n<p data-start=\"879\" data-end=\"1329\">\u201cO Projeto Roda \u00e9 um exemplo concreto de como Salvador est\u00e1 avan\u00e7ando na pr\u00e1tica da sustentabilidade urbana. Em apenas um m\u00eas, j\u00e1 conseguimos resultados expressivos em termos de mobiliza\u00e7\u00e3o social, reaproveitamento de res\u00edduos e redu\u00e7\u00e3o de impactos ambientais. Para a Secis, \u00e9 uma satisfa\u00e7\u00e3o ver a cidade se engajando nessa transforma\u00e7\u00e3o, conectando tecnologia, inclus\u00e3o social e preserva\u00e7\u00e3o ambiental de forma t\u00e3o eficiente\u201d, destaca Ivan Euler, secret\u00e1rio da Secis.<\/p>\n<p data-start=\"1331\" data-end=\"1678\">Ao menos uma vez por semana, o tuk-tuk da Cooperativa de Reciclagem Uni\u00e3o Nazar\u00e9 (Crun), que coordena o projeto, realiza coleta na Unifacs Campus Lapa, uma das institui\u00e7\u00f5es participantes. Na unidade, situada na Rua da Mangueira, em Nazar\u00e9, s\u00e3o recolhidos diversos materiais, sobretudo pap\u00e9is, agora destinados ao descarte ambientalmente correto.<\/p>\n<p data-start=\"1680\" data-end=\"2063\">\u201cA nossa experi\u00eancia com o projeto tem sido muito positiva. A equipe de atendimento e coleta \u00e9 sempre cordial e atenciosa, inclusive atendendo prontamente a pedidos excepcionais de coleta extra, devido \u00e0 proximidade do campus com a cooperativa e \u00e0 quantidade expressiva de material recicl\u00e1vel que temos gerado semanalmente\u201d, afirma Rafael Gomes, assistente de opera\u00e7\u00f5es da Unifacs.<\/p>\n<p data-start=\"2065\" data-end=\"2514\">Segundo ele, a a\u00e7\u00e3o contribui n\u00e3o apenas para o destino adequado dos res\u00edduos, mas tamb\u00e9m para ampliar a conscientiza\u00e7\u00e3o ambiental dentro da universidade. \u201cCom a perspectiva de expans\u00e3o do projeto, vejo uma excelente oportunidade de envolver ainda mais a comunidade acad\u00eamica. Professores e estudantes podem colaborar diretamente, participando da separa\u00e7\u00e3o dos res\u00edduos e apoiando a\u00e7\u00f5es de mobiliza\u00e7\u00e3o que reforcem a import\u00e2ncia dessa iniciativa.\u201d<\/p>\n<p data-start=\"2516\" data-end=\"2923\">Moradores da regi\u00e3o podem colaborar com a sustentabilidade da cidade por meio de agendamento digital, feito pelo link alimentesolos.rds.land\/roda-salvador ou via WhatsApp: (71) 99957-8803. Podem ser separados para coleta pl\u00e1sticos, metais (como latinhas e pequenas ferragens), vidros, pap\u00e9is, eletrodom\u00e9sticos, embalagens longa vida (cartonadas e multicamadas) e \u00f3leo de cozinha usado.<\/p>\n<p data-start=\"2925\" data-end=\"3102\">Ap\u00f3s o agendamento, a Crun utiliza um triciclo el\u00e9trico para recolher os res\u00edduos em domic\u00edlios, com\u00e9rcios ou institui\u00e7\u00f5es cadastradas, evitando a emiss\u00e3o de CO\u2082 na atmosfera.<\/p>\n<p data-start=\"3104\" data-end=\"3492\">O Roda conta com apoio da Limpurb e \u00e9 coordenado pela Secretaria de Sustentabilidade, Resili\u00eancia, Bem-estar e Prote\u00e7\u00e3o Animal (Secis). A a\u00e7\u00e3o \u00e9 desenvolvida em parceria com a startup Solos e a Resilient Cities Network, como parte do programa internacional Urban Ocean. O projeto-piloto tem dura\u00e7\u00e3o inicial de cinco meses, quando ser\u00e1 avaliada sua viabilidade permanente.<\/p>\n<p data-start=\"3494\" data-end=\"3945\">\u201cSalvador est\u00e1 mostrando como transformar ideias em a\u00e7\u00f5es concretas com a iniciativa Roda. A lideran\u00e7a da Prefeitura, da Solos e das cooperativas tem sido essencial. A cidade \u00e9 refer\u00eancia em qualidade e compromisso em solu\u00e7\u00f5es para o Urban Ocean. Estamos muito orgulhosos do progresso da cidade e temos convic\u00e7\u00e3o de que este projeto pode inspirar a\u00e7\u00f5es ainda maiores\u201d, afirma Malcolm Robinson Campbell, l\u00edder de programa na Resilient Cities Network.<\/p>\n<p data-start=\"3947\" data-end=\"4406\">Para Saville Alves, l\u00edder de neg\u00f3cios e cofundadora da Solos, os resultados mostram o interesse dos soteropolitanos em participar de a\u00e7\u00f5es sustent\u00e1veis. \u201cO que faltava era a oportunidade. Com o acesso gratuito e na porta, j\u00e1 alcan\u00e7amos uma taxa de quase 40% de participa\u00e7\u00e3o entre as pessoas mobilizadas. Nos pr\u00f3ximos meses, esperamos aumentar o volume por participante, melhorar a qualidade do res\u00edduo destinado e ampliar os ganhos da cooperativa parceira.\u201d<\/p>\n<div>\n<div class=\"trv-player-container\">\n<div class=\"trv-wrapper\">\n<div id=\"br_video_player_7794400bc35c29ae2ef33c13468b779dc3c659f9\" class=\"trvd_video_player trvdinstream\">\n<div>A iniciativa tem ampliado o reaproveitamento de res\u00edduos em Salvador, evitando que materiais com potencial de retorno \u00e0 cadeia produtiva sejam destinados ao aterro sanit\u00e1rio. Al\u00e9m disso, fortalece o ecossistema da economia circular, estimula o desenvolvimento local e contribui para um futuro mais sustent\u00e1vel e justo.<\/div>\n<\/div>\n<\/div>\n<\/div>\n<\/div>\n","protected":false},"excerpt":{"rendered":"<p>O Projeto Roda, da Prefeitura de Salvador, completou um m\u00eas de funcionamento no \u00faltimo dia 28 de agosto com um saldo de 8.364,46 kg de res\u00edduos recicl\u00e1veis recolhidos \u2014 uma m\u00e9dia de 300 kg por dia de opera\u00e7\u00e3o. A iniciativa pioneira de coleta seletiva porta a porta segue sendo realizada no Centro Hist\u00f3rico, abrangendo \u00e1reas [&hellip;]<\/p>\n","protected":false},"author":1,"featured_media":13761,"comment_status":"open","ping_status":"closed","sticky":false,"template":"","format":"standard","meta":{"jnews-multi-image_gallery":[],"jnews_single_post":[],"jnews_primary_category":[],"footnotes":""},"categories":[85],"tags":[],"class_list":["post-13759","post","type-post","status-publish","format-standard","has-post-thumbnail","hentry","category-noticias"],"_links":{"self":[{"href":"https:\/\/cidadebaixaonline.com.br\/index.php\/wp-json\/wp\/v2\/posts\/13759","targetHints":{"allow":["GET"]}}],"collection":[{"href":"https:\/\/cidadebaixaonline.com.br\/index.php\/wp-json\/wp\/v2\/posts"}],"about":[{"href":"https:\/\/cidadebaixaonline.com.br\/index.php\/wp-json\/wp\/v2\/types\/post"}],"author":[{"embeddable":true,"href":"https:\/\/cidadebaixaonline.com.br\/index.php\/wp-json\/wp\/v2\/users\/1"}],"replies":[{"embeddable":true,"href":"https:\/\/cidadebaixaonline.com.br\/index.php\/wp-json\/wp\/v2\/comments?post=13759"}],"version-history":[{"count":2,"href":"https:\/\/cidadebaixaonline.com.br\/index.php\/wp-json\/wp\/v2\/posts\/13759\/revisions"}],"predecessor-version":[{"id":13762,"href":"https:\/\/cidadebaixaonline.com.br\/index.php\/wp-json\/wp\/v2\/posts\/13759\/revisions\/13762"}],"wp:featuredmedia":[{"embeddable":true,"href":"https:\/\/cidadebaixaonline.com.br\/index.php\/wp-json\/wp\/v2\/media\/13761"}],"wp:attachment":[{"href":"https:\/\/cidadebaixaonline.com.br\/index.php\/wp-json\/wp\/v2\/media?parent=13759"}],"wp:term":[{"taxonomy":"category","embeddable":true,"href":"https:\/\/cidadebaixaonline.com.br\/index.php\/wp-json\/wp\/v2\/categories?post=13759"},{"taxonomy":"post_tag","embeddable":true,"href":"https:\/\/cidadebaixaonline.com.br\/index.php\/wp-json\/wp\/v2\/tags?post=13759"}],"curies":[{"name":"wp","href":"https:\/\/api.w.org\/{rel}","templated":true}]}}