{"id":13756,"date":"2025-09-03T13:09:51","date_gmt":"2025-09-03T16:09:51","guid":{"rendered":"https:\/\/cidadebaixaonline.com.br\/?p=13756"},"modified":"2025-09-03T13:09:52","modified_gmt":"2025-09-03T16:09:52","slug":"camara-de-salvador-realiza-sessao-especial-pelos-10-anos-da-iniciativa-negra","status":"publish","type":"post","link":"https:\/\/cidadebaixaonline.com.br\/index.php\/2025\/09\/03\/camara-de-salvador-realiza-sessao-especial-pelos-10-anos-da-iniciativa-negra\/","title":{"rendered":"C\u00e2mara de Salvador realiza sess\u00e3o especial pelos 10 anos da Iniciativa Negra"},"content":{"rendered":"<p>A C\u00e2mara Municipal de Salvador sediar\u00e1 nesta quinta-feira (4) uma sess\u00e3o especial em comemora\u00e7\u00e3o aos 10 anos da Iniciativa Negra. Presidida pela vereadora Marta Rodrigues (PT), autora do projeto que deu origem a homenagem, a sess\u00e3o contar\u00e1 com interven\u00e7\u00f5es art\u00edsticas de m\u00fasica e dan\u00e7a, al\u00e9m de pain\u00e9is.<\/p>\n<p>As atividades culturais ser\u00e3o conduzidas pelos mestres de cerim\u00f4nia M\u00e1 Reputa\u00e7\u00e3o e Lucas de Matos, com participa\u00e7\u00f5es de Leno Sacramento, do coletivo Afrobapho e do bando de teatro Olodum. A sess\u00e3o est\u00e1 marcada para as 18h, no pr\u00e9dio da Casa, localizado na Rua Chile, Centro Hist\u00f3rico da capital.<\/p>\n<p>\u201cS\u00e3o 10 anos de uma caminhada com muita altivez, autonomia e radicalidade, que ao mesmo tempo apresenta a den\u00fancia da guerra das drogas, o car\u00e1ter racista da guerra das drogas e seu impacto desproporcional na popula\u00e7\u00e3o brasileira, aponta solu\u00e7\u00f5es a partir da produ\u00e7\u00e3o de dados e do trabalho em rede. Uma rede forte, potente e sobretudo com capacidade de sermos autoras e autores de nossa pr\u00f3pria hist\u00f3ria\u201d, pontuou Dudu Ribeiro, cofundador da Iniciativa.<\/p>\n<p>J\u00e1 Nath\u00e1lia Oliveira, outra cofundadora da organiza\u00e7\u00e3o, afirma que a data representa a for\u00e7a do trabalho em rede. \u201cCelebrar 10 anos da Iniciativa Negra \u00e9 reafirmar nossa for\u00e7a coletiva. Demos os primeiros passos com a den\u00fancia do genoc\u00eddio negro sistem\u00e1tico e estrat\u00e9gico, e hoje produzimos pesquisas que servem como base para propor a constru\u00e7\u00e3o de novos caminhos de justi\u00e7a e dignidade a partir das vozes negras. Somos fruto da resist\u00eancia, da luta por democracia e de uma pr\u00e1tica pol\u00edtica que insiste em colocar a vida no centro do debate. Este momento \u00e9 sobre mem\u00f3ria, mas tamb\u00e9m sobre futuro, para que possamos seguir comprometidas em transformar dor em pot\u00eancia e exclus\u00e3o em direitos.\u201d<\/p>\n<p>Diretora executiva da Iniciativa, Ana Carolina Santos reiterou o papel da institui\u00e7\u00e3o em seguir produzindo pesquisas e debatendo o genoc\u00eddio negro. \u201cOs 10 anos da Iniciativa representam um marco no tema da pol\u00edtica de drogas e do racismo no Brasil. \u00c9 tamb\u00e9m uma express\u00e3o do que a organiza\u00e7\u00e3o foi se tornando ao longo dos \u00faltimos tempos, com seu trip\u00e9 de atua\u00e7\u00e3o, produzindo pr\u00e1ticas tamb\u00e9m organizacionais que mostram a interseccionalidade dos temas da Iniciativa. Somos uma organiza\u00e7\u00e3o majoritariamente de mulheres negras, colocando nas nossas pr\u00e1ticas institucionais a import\u00e2ncia de valorizar a diversidade de vozes e de pessoas que geralmente s\u00e3o alijadas da sociedade\u201d.<\/p>\n<p>Para a presidenta da sess\u00e3o, vereadora Marta Rodrigues, o ato pol\u00edtico representa um instrumento de emancipa\u00e7\u00e3o. \u201cCelebrar os 10 anos da Iniciativa Negra na C\u00e2mara \u00e9 ocupar esse espa\u00e7o com a luta contra o racismo estrutural, o encarceramento em massa e o genoc\u00eddio da juventude negra, reafirmando nosso compromisso com pol\u00edticas p\u00fablicas antirracistas e com a constru\u00e7\u00e3o de um futuro no qual a juventude negra possa existir plenamente. A pol\u00edtica pode e deve ser instrumento de emancipa\u00e7\u00e3o, e \u00e9 isso que a Iniciativa afirma ao produzir conhecimento, ci\u00eancia e propostas concretas para uma nova pol\u00edtica sobre drogas\u201d, destacou a edil.<\/p>\n<p><strong>Sobre a Iniciativa Negra<\/strong><\/p>\n<p>Fundada em 2015, a Iniciativa Negra por uma Nova Pol\u00edtica sobre Drogas atua visando a constru\u00e7\u00e3o de uma agenda de justi\u00e7a racial e econ\u00f4mico, pautando reformas na atual pol\u00edtica de combate \u00e0s drogas e promovendo a\u00e7\u00f5es de advocacy em Direitos Humanos.<\/p>\n<p>Inicialmente concebida como um projeto, a organiza\u00e7\u00e3o expandiu sua influ\u00eancia com a defesa de pautas como a supera\u00e7\u00e3o do modelo proibicionista e o impacto desproporcional da chamada \u201cguerra \u00e0s drogas\u201d sobre a popula\u00e7\u00e3o negra.<\/p>\n<div>\n<div class=\"trv-player-container\">\n<div class=\"trv-wrapper\">\n<div id=\"br_video_player_d82cb5b4bbfc02f386bc3c13468b779dc3c659f9\" class=\"trvd_video_player trvdinstream\">\n<div class=\"media-player\">\n<div class=\"trv-video\">Outros focos da iniciativa s\u00e3o a seguran\u00e7a p\u00fablica, sistema de justi\u00e7a, sa\u00fade mental e direitos humanos, al\u00e9m da preposi\u00e7\u00e3o de solu\u00e7\u00f5es para uma reforma na pol\u00edtica de drogas do Brasil a partir de uma perspectiva racial, com a produ\u00e7\u00e3o de debates, dados e articula\u00e7\u00e3o de redes.<\/div>\n<\/div>\n<\/div>\n<\/div>\n<\/div>\n<\/div>\n","protected":false},"excerpt":{"rendered":"<p>A C\u00e2mara Municipal de Salvador sediar\u00e1 nesta quinta-feira (4) uma sess\u00e3o especial em comemora\u00e7\u00e3o aos 10 anos da Iniciativa Negra. Presidida pela vereadora Marta Rodrigues (PT), autora do projeto que deu origem a homenagem, a sess\u00e3o contar\u00e1 com interven\u00e7\u00f5es art\u00edsticas de m\u00fasica e dan\u00e7a, al\u00e9m de pain\u00e9is. As atividades culturais ser\u00e3o conduzidas pelos mestres de [&hellip;]<\/p>\n","protected":false},"author":1,"featured_media":13758,"comment_status":"open","ping_status":"closed","sticky":false,"template":"","format":"standard","meta":{"jnews-multi-image_gallery":[],"jnews_single_post":[],"jnews_primary_category":[],"footnotes":""},"categories":[85],"tags":[],"class_list":["post-13756","post","type-post","status-publish","format-standard","has-post-thumbnail","hentry","category-noticias"],"_links":{"self":[{"href":"https:\/\/cidadebaixaonline.com.br\/index.php\/wp-json\/wp\/v2\/posts\/13756","targetHints":{"allow":["GET"]}}],"collection":[{"href":"https:\/\/cidadebaixaonline.com.br\/index.php\/wp-json\/wp\/v2\/posts"}],"about":[{"href":"https:\/\/cidadebaixaonline.com.br\/index.php\/wp-json\/wp\/v2\/types\/post"}],"author":[{"embeddable":true,"href":"https:\/\/cidadebaixaonline.com.br\/index.php\/wp-json\/wp\/v2\/users\/1"}],"replies":[{"embeddable":true,"href":"https:\/\/cidadebaixaonline.com.br\/index.php\/wp-json\/wp\/v2\/comments?post=13756"}],"version-history":[{"count":1,"href":"https:\/\/cidadebaixaonline.com.br\/index.php\/wp-json\/wp\/v2\/posts\/13756\/revisions"}],"predecessor-version":[{"id":13757,"href":"https:\/\/cidadebaixaonline.com.br\/index.php\/wp-json\/wp\/v2\/posts\/13756\/revisions\/13757"}],"wp:featuredmedia":[{"embeddable":true,"href":"https:\/\/cidadebaixaonline.com.br\/index.php\/wp-json\/wp\/v2\/media\/13758"}],"wp:attachment":[{"href":"https:\/\/cidadebaixaonline.com.br\/index.php\/wp-json\/wp\/v2\/media?parent=13756"}],"wp:term":[{"taxonomy":"category","embeddable":true,"href":"https:\/\/cidadebaixaonline.com.br\/index.php\/wp-json\/wp\/v2\/categories?post=13756"},{"taxonomy":"post_tag","embeddable":true,"href":"https:\/\/cidadebaixaonline.com.br\/index.php\/wp-json\/wp\/v2\/tags?post=13756"}],"curies":[{"name":"wp","href":"https:\/\/api.w.org\/{rel}","templated":true}]}}