{"id":13747,"date":"2025-09-03T12:02:46","date_gmt":"2025-09-03T15:02:46","guid":{"rendered":"https:\/\/cidadebaixaonline.com.br\/?p=13747"},"modified":"2025-09-03T12:02:48","modified_gmt":"2025-09-03T15:02:48","slug":"dudu-se-envolve-em-confusao-em-condominio-de-salvador-dias-apos-retornar-ao-vitoria","status":"publish","type":"post","link":"https:\/\/cidadebaixaonline.com.br\/index.php\/2025\/09\/03\/dudu-se-envolve-em-confusao-em-condominio-de-salvador-dias-apos-retornar-ao-vitoria\/","title":{"rendered":"Dudu se envolve em confus\u00e3o em condom\u00ednio de Salvador dias ap\u00f3s retornar ao Vit\u00f3ria"},"content":{"rendered":"<p>Na semana passada, o\u00a0<a href=\"https:\/\/www.bnews.com.br\/tags\/dudu\" target=\"_blank\" rel=\"noopener\">Vit\u00f3ria oficializou o retorno do jogador Dudu,<\/a>\u00a0que estava na Ponte Preta, como refor\u00e7o para o restante da temporada. A volta do atleta dividiu opini\u00f5es entre os torcedores devido ao hist\u00f3rico de<a href=\"https:\/\/www.bnews.com.br\/noticias\/esporte\/de-volta-ao-vitoria-volante-dudu-reencontra-clube-apos-trajetoria-marcada-por-polemicas-relembre.html\" target=\"_blank\" rel=\"noopener\">\u00a0problemas extracampo ocorridos durante sua primeira passagem pelo Le\u00e3o.<\/a><\/p>\n<p>Agora, com poucos dias em Salvador, o voltante rubro-negro j\u00e1 teve o nome envolvido em uma pol\u00eamica. Leitores do\u00a0<strong>BNews<\/strong>\u00a0relataram que Dudu foi hostilizado por moradores de um condom\u00ednio no<a href=\"https:\/\/www.bnews.com.br\/tags\/piraja\" target=\"_blank\" rel=\"noopener\">\u00a0bairro de Piraj\u00e1, em Salvador,<\/a>\u00a0ap\u00f3s causar transtorno para algumas pessoas que moram no local.<\/p>\n<p>De acordo com as informa\u00e7\u00f5es obtidas pela reportagem, o jogador teria estacionado o carro de forma irregular na porta do residencial Torres de Piraj\u00e1, onde passou a noite em um dos apartamentos, e impediu a entrada e sa\u00edda dos ve\u00edculos dos moradores.<\/p>\n<p>Revoltados, os residentes do condom\u00ednio chegou a furar os quatro pneus do ve\u00edculo do jogador e arranhado a lataria do autom\u00f3vel. Al\u00e9m disso, Dudu teria sido xingado ao chegar no local para retirar o carro, mas n\u00e3o entrou em discuss\u00e3o e se retirou do local rapidamente.<\/p>\n<p><strong>Dudu tem hist\u00f3rico de pol\u00eamicas<\/strong><\/p>\n<p>Contratado durante a segunda divis\u00e3o em 2023,\u00a0<a href=\"https:\/\/www.bnews.com.br\/noticias\/esporte\/vai-voltar-fabio-mota-abre-o-jogo-sobre-futuro-do-volante-dudu-no-vitoria-confira.html\" target=\"_blank\" rel=\"noopener\">Dudu<\/a>\u00a0rapidamente firmou-se entre os titulares e se tornou um dos destaques na campanha que levou o Vit\u00f3ria de volta \u00e0 elite do futebol brasileiro. Tamb\u00e9m foi pe\u00e7a fundamental na conquista do Campeonato Baiano de 2024, quando vivia seu auge no clube.<\/p>\n<p><img loading=\"lazy\" decoding=\"async\" class=\"alignnone size-medium wp-image-3691\" src=\"https:\/\/cidadebaixaonline.com.br\/wp-content\/uploads\/2025\/09\/dudu2.jpg\" alt=\"\" width=\"300\" height=\"169\" \/><\/p>\n<p>A partir de fevereiro de 2024, os epis\u00f3dios fora das quatro linhas come\u00e7aram a comprometer sua trajet\u00f3ria. Durante o Carnaval de Salvador, o volante se envolveu em uma confus\u00e3o em um camarote, foi multado e acabou vetado de uma partida. Pouco depois, foi denunciado por uma ex-namorada por viol\u00eancia dom\u00e9stica.<\/p>\n<p>Em abril, o jogador sofreu agress\u00f5es de integrantes de uma torcida organizada ap\u00f3s ser visto em um bar pr\u00f3ximo ao Barrad\u00e3o. O caso ganhou repercuss\u00e3o, e sua equipe de assessoria classificou a situa\u00e7\u00e3o como \u201cato b\u00e1rbaro e injustific\u00e1vel\u201d.<\/p>\n<p>Com a chegada do t\u00e9cnico\u00a0<a href=\"https:\/\/www.bnews.com.br\/noticias\/esporte\/de-volta-thiago-carpini-aparece-como-prioridade-de-clube-da-serie-confira.html\" target=\"_blank\" rel=\"noopener\">Thiago Carpini,<\/a>\u00a0em maio, a press\u00e3o sobre o volante aumentou. A expuls\u00e3o contra o Atl\u00e9tico-GO, ainda no in\u00edcio do Campeonato Brasileiro, marcou o in\u00edcio do seu afastamento dos gramados. Suspenso, Dudu tamb\u00e9m ficou fora de seis partidas seguidas por decis\u00e3o t\u00e9cnica.<\/p>\n<p>Apesar de ter sido reintegrado ap\u00f3s acompanhamento psicol\u00f3gico, seu retorno n\u00e3o durou muito. Contra o Corinthians, na 14\u00aa rodada, levou cart\u00e3o amarelo apenas dez segundos ap\u00f3s entrar em campo e voltou a perder espa\u00e7o. Carpini chegou a criticar publicamente a postura do jogador.<\/p>\n<p>\u201cEnquanto n\u00e3o mudar o comportamento, eu n\u00e3o vou levar. O Vit\u00f3ria n\u00e3o se adapta ao Dudu, o Dudu \u00e9 que precisa se adaptar ao Vit\u00f3ria\u201d, afirmou o treinador na \u00e9poca.<\/p>\n<p>Ao todo, Dudu disputou 43 partidas pelo Vit\u00f3ria desde 2023. Agora, retorna ao clube em busca de uma segunda chance, ap\u00f3s per\u00edodo de destaque, turbul\u00eancias extracampo e perda de espa\u00e7o.<\/p>\n<p>&nbsp;<\/p>\n","protected":false},"excerpt":{"rendered":"<p>Na semana passada, o\u00a0Vit\u00f3ria oficializou o retorno do jogador Dudu,\u00a0que estava na Ponte Preta, como refor\u00e7o para o restante da temporada. A volta do atleta dividiu opini\u00f5es entre os torcedores devido ao hist\u00f3rico de\u00a0problemas extracampo ocorridos durante sua primeira passagem pelo Le\u00e3o. Agora, com poucos dias em Salvador, o voltante rubro-negro j\u00e1 teve o nome [&hellip;]<\/p>\n","protected":false},"author":1,"featured_media":13749,"comment_status":"open","ping_status":"closed","sticky":false,"template":"","format":"standard","meta":{"jnews-multi-image_gallery":[],"jnews_single_post":[],"jnews_primary_category":[],"footnotes":""},"categories":[89],"tags":[],"class_list":["post-13747","post","type-post","status-publish","format-standard","has-post-thumbnail","hentry","category-esportes"],"_links":{"self":[{"href":"https:\/\/cidadebaixaonline.com.br\/index.php\/wp-json\/wp\/v2\/posts\/13747","targetHints":{"allow":["GET"]}}],"collection":[{"href":"https:\/\/cidadebaixaonline.com.br\/index.php\/wp-json\/wp\/v2\/posts"}],"about":[{"href":"https:\/\/cidadebaixaonline.com.br\/index.php\/wp-json\/wp\/v2\/types\/post"}],"author":[{"embeddable":true,"href":"https:\/\/cidadebaixaonline.com.br\/index.php\/wp-json\/wp\/v2\/users\/1"}],"replies":[{"embeddable":true,"href":"https:\/\/cidadebaixaonline.com.br\/index.php\/wp-json\/wp\/v2\/comments?post=13747"}],"version-history":[{"count":1,"href":"https:\/\/cidadebaixaonline.com.br\/index.php\/wp-json\/wp\/v2\/posts\/13747\/revisions"}],"predecessor-version":[{"id":13748,"href":"https:\/\/cidadebaixaonline.com.br\/index.php\/wp-json\/wp\/v2\/posts\/13747\/revisions\/13748"}],"wp:featuredmedia":[{"embeddable":true,"href":"https:\/\/cidadebaixaonline.com.br\/index.php\/wp-json\/wp\/v2\/media\/13749"}],"wp:attachment":[{"href":"https:\/\/cidadebaixaonline.com.br\/index.php\/wp-json\/wp\/v2\/media?parent=13747"}],"wp:term":[{"taxonomy":"category","embeddable":true,"href":"https:\/\/cidadebaixaonline.com.br\/index.php\/wp-json\/wp\/v2\/categories?post=13747"},{"taxonomy":"post_tag","embeddable":true,"href":"https:\/\/cidadebaixaonline.com.br\/index.php\/wp-json\/wp\/v2\/tags?post=13747"}],"curies":[{"name":"wp","href":"https:\/\/api.w.org\/{rel}","templated":true}]}}