{"id":13734,"date":"2025-09-02T15:17:31","date_gmt":"2025-09-02T18:17:31","guid":{"rendered":"https:\/\/cidadebaixaonline.com.br\/?p=13734"},"modified":"2025-09-02T15:17:32","modified_gmt":"2025-09-02T18:17:32","slug":"obras-no-teatro-castro-alves-incluem-novo-edificio-e-modernizacao-da-sala-principal","status":"publish","type":"post","link":"https:\/\/cidadebaixaonline.com.br\/index.php\/2025\/09\/02\/obras-no-teatro-castro-alves-incluem-novo-edificio-e-modernizacao-da-sala-principal\/","title":{"rendered":"Obras no Teatro Castro Alves incluem novo edif\u00edcio e moderniza\u00e7\u00e3o da sala principal"},"content":{"rendered":"<p>O Teatro Castro Alves (TCA), em Salvador, passa por um amplo projeto de requalifica\u00e7\u00e3o que prev\u00ea restaura\u00e7\u00e3o, moderniza\u00e7\u00e3o e amplia\u00e7\u00e3o de suas estruturas. Trata-se do maior investimento realizado no complexo cultural desde sua inaugura\u00e7\u00e3o, em 1967. Al\u00e9m das melhorias na sala principal e nos espa\u00e7os t\u00e9cnicos e administrativos, a obra inclui a constru\u00e7\u00e3o de um novo edif\u00edcio, chamado de \u201cedif\u00edcio l\u00e2mina\u201d.<\/p>\n<p>Com formato vertical e estreito, o pr\u00e9dio ser\u00e1 erguido ao lado da sala principal, ligando a rua Leovigildo Filgueiras, no Garcia, \u00e0 Esplanada do TCA. A estrutura dar\u00e1 acesso direto \u00e0 Concha Ac\u00fastica e \u00e0 Sala do Coro, al\u00e9m de facilitar a circula\u00e7\u00e3o de pessoas com mobilidade reduzida. O projeto prev\u00ea a instala\u00e7\u00e3o de dois elevadores que conectar\u00e3o \u00e1reas antes de dif\u00edcil acesso, al\u00e9m da cria\u00e7\u00e3o de dep\u00f3sitos, almoxarifados, sanit\u00e1rios e espa\u00e7os t\u00e9cnicos.<\/p>\n<p>A requalifica\u00e7\u00e3o tamb\u00e9m alcan\u00e7a a sala principal do teatro, que ter\u00e1 melhorias na ac\u00fastica, moderniza\u00e7\u00e3o dos sistemas de ilumina\u00e7\u00e3o, sonoriza\u00e7\u00e3o e mec\u00e2nica c\u00eanica. Entre as a\u00e7\u00f5es de sustentabilidade est\u00e3o o reaproveitamento do madeiramento da sala e a implanta\u00e7\u00e3o de um sistema de capta\u00e7\u00e3o de \u00e1guas pluviais para manuten\u00e7\u00e3o dos jardins. O restauro do foyer, a recupera\u00e7\u00e3o do jardim suspenso e ajustes em \u00e1reas t\u00e9cnicas e administrativas tamb\u00e9m fazem parte do projeto.<\/p>\n<p>O investimento total ultrapassa R$ 260 milh\u00f5es, incluindo obras e novos equipamentos. As interven\u00e7\u00f5es contam com aprova\u00e7\u00e3o do Instituto do Patrim\u00f4nio Hist\u00f3rico e Art\u00edstico Nacional (IPHAN), que acompanha o processo para garantir a preserva\u00e7\u00e3o do valor hist\u00f3rico e est\u00e9tico do espa\u00e7o.<\/p>\n<div>\n<div class=\"trv-player-container\">\n<div class=\"trv-wrapper\">\n<div id=\"br_video_player_ef79959d7d9af47feb7844eb6674dc9dc3c659f9\" class=\"trvd_video_player trvdinstream\">\n<div class=\"media-player\">\n<div class=\"trv-video\">As obras, atualmente com quase metade conclu\u00edda, t\u00eam previs\u00e3o de entrega em 2026. A requalifica\u00e7\u00e3o do TCA vem ocorrendo de forma gradual: em 2016, foi entregue a Concha Ac\u00fastica, e em 2018, a Sala do Coro passou por moderniza\u00e7\u00e3o.<\/div>\n<\/div>\n<\/div>\n<\/div>\n<\/div>\n<\/div>\n","protected":false},"excerpt":{"rendered":"<p>O Teatro Castro Alves (TCA), em Salvador, passa por um amplo projeto de requalifica\u00e7\u00e3o que prev\u00ea restaura\u00e7\u00e3o, moderniza\u00e7\u00e3o e amplia\u00e7\u00e3o de suas estruturas. Trata-se do maior investimento realizado no complexo cultural desde sua inaugura\u00e7\u00e3o, em 1967. Al\u00e9m das melhorias na sala principal e nos espa\u00e7os t\u00e9cnicos e administrativos, a obra inclui a constru\u00e7\u00e3o de um [&hellip;]<\/p>\n","protected":false},"author":1,"featured_media":13736,"comment_status":"open","ping_status":"closed","sticky":false,"template":"","format":"standard","meta":{"jnews-multi-image_gallery":[],"jnews_single_post":[],"jnews_primary_category":[],"footnotes":""},"categories":[247],"tags":[],"class_list":["post-13734","post","type-post","status-publish","format-standard","has-post-thumbnail","hentry","category-teatro-castro-alves"],"_links":{"self":[{"href":"https:\/\/cidadebaixaonline.com.br\/index.php\/wp-json\/wp\/v2\/posts\/13734","targetHints":{"allow":["GET"]}}],"collection":[{"href":"https:\/\/cidadebaixaonline.com.br\/index.php\/wp-json\/wp\/v2\/posts"}],"about":[{"href":"https:\/\/cidadebaixaonline.com.br\/index.php\/wp-json\/wp\/v2\/types\/post"}],"author":[{"embeddable":true,"href":"https:\/\/cidadebaixaonline.com.br\/index.php\/wp-json\/wp\/v2\/users\/1"}],"replies":[{"embeddable":true,"href":"https:\/\/cidadebaixaonline.com.br\/index.php\/wp-json\/wp\/v2\/comments?post=13734"}],"version-history":[{"count":1,"href":"https:\/\/cidadebaixaonline.com.br\/index.php\/wp-json\/wp\/v2\/posts\/13734\/revisions"}],"predecessor-version":[{"id":13735,"href":"https:\/\/cidadebaixaonline.com.br\/index.php\/wp-json\/wp\/v2\/posts\/13734\/revisions\/13735"}],"wp:featuredmedia":[{"embeddable":true,"href":"https:\/\/cidadebaixaonline.com.br\/index.php\/wp-json\/wp\/v2\/media\/13736"}],"wp:attachment":[{"href":"https:\/\/cidadebaixaonline.com.br\/index.php\/wp-json\/wp\/v2\/media?parent=13734"}],"wp:term":[{"taxonomy":"category","embeddable":true,"href":"https:\/\/cidadebaixaonline.com.br\/index.php\/wp-json\/wp\/v2\/categories?post=13734"},{"taxonomy":"post_tag","embeddable":true,"href":"https:\/\/cidadebaixaonline.com.br\/index.php\/wp-json\/wp\/v2\/tags?post=13734"}],"curies":[{"name":"wp","href":"https:\/\/api.w.org\/{rel}","templated":true}]}}