{"id":13722,"date":"2025-09-01T07:08:30","date_gmt":"2025-09-01T10:08:30","guid":{"rendered":"https:\/\/cidadebaixaonline.com.br\/?p=13722"},"modified":"2025-09-01T07:08:30","modified_gmt":"2025-09-01T10:08:30","slug":"tunel-subterraneo-de-960-metros-ligara-campo-da-polvora-ao-comercio-confira","status":"publish","type":"post","link":"https:\/\/cidadebaixaonline.com.br\/index.php\/2025\/09\/01\/tunel-subterraneo-de-960-metros-ligara-campo-da-polvora-ao-comercio-confira\/","title":{"rendered":"T\u00fanel subterr\u00e2neo de 960 metros ligar\u00e1 Campo da P\u00f3lvora ao Com\u00e9rcio; confira"},"content":{"rendered":"<p>O prefeito <strong>Bruno Reis<\/strong> (Uni\u00e3o Brasil), enfim, ter\u00e1 recursos para construir um dos mais imponentes projetos de sua gest\u00e3o: o <strong>t\u00fanel subterr\u00e2neo<\/strong> que ligar\u00e1 o <strong>Campo da P\u00f3lvora <\/strong>ao <strong>Com\u00e9rcio<\/strong>, passando pela <strong>Baixa dos Sapateiros<\/strong>. Nesta sexta-feira (29), o ministro da Casa Civil, <strong>Rui Costa<\/strong> (PT), anunciou a aprova\u00e7\u00e3o de <strong>R$ 448,9 milh\u00f5es<\/strong> em recursos do <strong>novo PAC<\/strong> (Programa de Acelera\u00e7\u00e3o do Crescimento) para a constru\u00e7\u00e3o do empreendimento.<\/p>\n<p>A ideia \u00e9 que o t\u00fanel subterr\u00e2neo ajude a <strong>revitalizar o Centro Hist\u00f3rico de Salvador<\/strong> \u2014 tanto em sua parte baixa, no Com\u00e9rcio, quanto em sua parte alta, no Pelourinho \u2014, <strong>ligando-o ao metr\u00f4<\/strong> da cidade, na esta\u00e7\u00e3o Campo da P\u00f3lvora.<\/p>\n<p>Na \u00e9poca da elabora\u00e7\u00e3o do anteprojeto, por\u00e9m, a estimativa de custo, no valor de R$ 300 milh\u00f5es, foi considerada alta, obrigando a prefeitura a decidir por um \u201cstand by\u201d na ideia em 2024, adiando para um esperado <strong>segundo mandato<\/strong> de Bruno Reis \u2014 o que terminou se concretizando.<\/p>\n<p>Com o retorno do PAC ao hall de programas federais, a prefeitura viu a oportunidade de fazer o projeto andar. A gest\u00e3o municipal, ent\u00e3o, mandou atualizar os estudos e o encaminhou para o governo federal, sendo aprovado nesta semana pela <strong>Casa Civil<\/strong>.<\/p>\n<p><strong>Detalhes<\/strong><\/p>\n<p>O <strong>bahia.ba<\/strong> teve acesso ao anteprojeto, elaborado, a pedido da prefeitura ainda em 2023, pela <strong>Sanehatem Consultoria e Projetos<\/strong>. Seriam <strong>960 metros de t\u00fanel<\/strong>, em uma dist\u00e2ncia que seria encurtada pela instala\u00e7\u00e3o de <strong>oito esteiras rolantes de 50 metros<\/strong> e <strong>dez de 90 metros<\/strong>, atendendo a pelo menos <strong>3 mil pessoas por dia<\/strong>.<\/p>\n<p>Saindo do Campo da P\u00f3lvora, o t\u00fanel teria uma <strong>sa\u00edda intermedi\u00e1ria<\/strong> nas proximidades do Pelourinho, mais especificamente na Baixa dos Sapateiros, local que j\u00e1 teve grande atividade comercial, mas que hoje vive um vis\u00edvel<\/p>\n<p>Nesse acesso intermedi\u00e1rio, haveria tamb\u00e9m uma <strong>esteira rolante na superf\u00edcie<\/strong>, entre a <strong>Avenida Jos\u00e9 Joaquim Seabra<\/strong> e a <strong>Rua 12 de Outubro<\/strong>. Essa \u00e1rea ganharia uma <strong>cobertura<\/strong>, evitando exposi\u00e7\u00e3o ao Sol e a chuva.<\/p>\n<p>A chegada, no Com\u00e9rcio, se daria exatamente na <strong>Rua Guindaste dos Padres,<\/strong> onde fica o <strong>Plano Inclinado Gon\u00e7alves<\/strong>. Por l\u00e1, o anteprojeto prev\u00ea um <strong>edif\u00edcio de apoio<\/strong>, onde seria realizada toda a <strong>opera\u00e7\u00e3o t\u00e9cnica<\/strong> do t\u00fanel subterr\u00e2neo.<\/p>\n<div>\n<div class=\"trv-player-container\">\n<div class=\"trv-wrapper\">\n<div id=\"br_video_player_6870ced00a7bcec632da81ad1e855c9dc3c659f9\" class=\"trvd_video_player trvdinstream\">\n<div class=\"media-player\">\n<div class=\"trv-video\">Por fim, a proposta da Sanehatem vislumbra ainda a implanta\u00e7\u00e3o de um \u201c<strong>boulevard<\/strong>\u201d na parte de fora do edif\u00edcio de apoio. Esse espa\u00e7o \u00e9 inspirado nas famosas \u201c<strong>ramblas<\/strong>\u201d existentes em <strong>Barcelona<\/strong>: uma \u00e1rea de tr\u00e2nsito especial para pedestres, mas que, eventualmente, tamb\u00e9m pode admitir a circula\u00e7\u00e3o de ve\u00edculos.<\/div>\n<\/div>\n<\/div>\n<\/div>\n<\/div>\n<\/div>\n","protected":false},"excerpt":{"rendered":"<p>O prefeito Bruno Reis (Uni\u00e3o Brasil), enfim, ter\u00e1 recursos para construir um dos mais imponentes projetos de sua gest\u00e3o: o t\u00fanel subterr\u00e2neo que ligar\u00e1 o Campo da P\u00f3lvora ao Com\u00e9rcio, passando pela Baixa dos Sapateiros. Nesta sexta-feira (29), o ministro da Casa Civil, Rui Costa (PT), anunciou a aprova\u00e7\u00e3o de R$ 448,9 milh\u00f5es em recursos [&hellip;]<\/p>\n","protected":false},"author":1,"featured_media":13724,"comment_status":"open","ping_status":"closed","sticky":false,"template":"","format":"standard","meta":{"jnews-multi-image_gallery":[],"jnews_single_post":[],"jnews_primary_category":[],"footnotes":""},"categories":[243],"tags":[],"class_list":["post-13722","post","type-post","status-publish","format-standard","has-post-thumbnail","hentry","category-tunel-subterraneo"],"_links":{"self":[{"href":"https:\/\/cidadebaixaonline.com.br\/index.php\/wp-json\/wp\/v2\/posts\/13722","targetHints":{"allow":["GET"]}}],"collection":[{"href":"https:\/\/cidadebaixaonline.com.br\/index.php\/wp-json\/wp\/v2\/posts"}],"about":[{"href":"https:\/\/cidadebaixaonline.com.br\/index.php\/wp-json\/wp\/v2\/types\/post"}],"author":[{"embeddable":true,"href":"https:\/\/cidadebaixaonline.com.br\/index.php\/wp-json\/wp\/v2\/users\/1"}],"replies":[{"embeddable":true,"href":"https:\/\/cidadebaixaonline.com.br\/index.php\/wp-json\/wp\/v2\/comments?post=13722"}],"version-history":[{"count":1,"href":"https:\/\/cidadebaixaonline.com.br\/index.php\/wp-json\/wp\/v2\/posts\/13722\/revisions"}],"predecessor-version":[{"id":13723,"href":"https:\/\/cidadebaixaonline.com.br\/index.php\/wp-json\/wp\/v2\/posts\/13722\/revisions\/13723"}],"wp:featuredmedia":[{"embeddable":true,"href":"https:\/\/cidadebaixaonline.com.br\/index.php\/wp-json\/wp\/v2\/media\/13724"}],"wp:attachment":[{"href":"https:\/\/cidadebaixaonline.com.br\/index.php\/wp-json\/wp\/v2\/media?parent=13722"}],"wp:term":[{"taxonomy":"category","embeddable":true,"href":"https:\/\/cidadebaixaonline.com.br\/index.php\/wp-json\/wp\/v2\/categories?post=13722"},{"taxonomy":"post_tag","embeddable":true,"href":"https:\/\/cidadebaixaonline.com.br\/index.php\/wp-json\/wp\/v2\/tags?post=13722"}],"curies":[{"name":"wp","href":"https:\/\/api.w.org\/{rel}","templated":true}]}}